{"id":432986,"date":"2016-09-30T10:30:21","date_gmt":"2016-09-30T15:30:21","guid":{"rendered":"https:\/\/www.futboltotal.com.mx\/?p=432986"},"modified":"2016-09-30T10:30:21","modified_gmt":"2016-09-30T15:30:21","slug":"bajo-rendimiento-carlos-vela-lo-excluye-del-tri","status":"publish","type":"post","link":"http:\/\/desarrollo.grupomedios.com\/futbol\/destacado-home\/bajo-rendimiento-carlos-vela-lo-excluye-del-tri\/2016\/09","title":{"rendered":"Bajo rendimiento, excluye a Carlos Vela del Tri"},"content":{"rendered":"<p>Para los partidos amistosos contra Nueva Zelanda y Panam\u00e1, <strong>Juan Carlos Osorio<\/strong> dio a conocer la convocatoria para conformar la <a href=\"https:\/\/www.futboltotal.com.mx\/2016\/09\/osorio-vuelve-a-abaratar-la-convocatoria-al-tri\/\" target=\"_blank\"><strong>Selecci\u00f3n Mexicana<\/strong><\/a>, en la cual destaca (entre otras cosas) la ausencia de <strong>Carlos Vela<\/strong>, quien qued\u00f3 fuera debido a su bajo rendimiento.<\/p>\n<p>De acuerdo a una publicaci\u00f3n de <em>R\u00e9cord<\/em>, el t\u00e9cnico colombiano decidi\u00f3 aplazar el llamado del <em>Bombardero<\/em>, que en seis partidos de liga con la Real Sociedad, a penas suma una anotaci\u00f3n.<\/p>\n<blockquote class=\"twitter-tweet\" data-lang=\"es\">\n<p dir=\"ltr\" lang=\"und\"><a href=\"https:\/\/twitter.com\/hashtag\/FuerzaPaul?src=hash\">#FuerzaPaul<\/a> <a href=\"https:\/\/twitter.com\/hashtag\/RendirseJam%C3%A1s?src=hash\">#RendirseJam\u00e1s<\/a> <a href=\"https:\/\/t.co\/oQuzmTO3vp\">pic.twitter.com\/oQuzmTO3vp<\/a><\/p>\n<p>\u2014 Selecci\u00f3n Nacional (@miseleccionmx) <a href=\"https:\/\/twitter.com\/miseleccionmx\/status\/781602392508928001\">29 de septiembre de 2016<\/a><\/p><\/blockquote>\n<p><script async src=\"\/\/platform.twitter.com\/widgets.js\" charset=\"utf-8\"><\/script><\/p>\n<p>Lo llamativo es que Osorio termin\u00f3 por convocar a Alan Pulido, jugador que si bien ya se gan\u00f3 la titularidad en Chivas, \u00fanicamente lleva un par de anotaciones es escasos cotejos como <em>rojiblanco<\/em>.<\/p>\n<p>Adem\u00e1s que en otras l\u00edneas como la defensiva, el <em>cafetero<\/em> pidi\u00f3 a Oswaldo Alan\u00eds y Jordan Silva, quienes no suman minutos en la Liga MX con Guadalajara\u00a0y Toluca, respectivamente.<\/p>\n<p><span style=\"color: #ff0000;\"><strong>VIDEO<\/strong>: agenda de TV de la jornada 12<\/span><\/p>\n<p>[video_player]https:\/\/player.vimeo.com\/external\/184556103.sd.mp4?s=4a84f291c255f20c52bbfcb10efdb60ed1861c53&amp;profile_id=165[\/video_player]<\/p>\n","protected":false},"excerpt":{"rendered":"<p>El delantero no convenci\u00f3 a Juan Carlos Osorio<\/p>\n","protected":false},"author":20,"featured_media":432987,"comment_status":"closed","ping_status":"closed","sticky":false,"template":"","format":"standard","meta":[],"categories":[5,2198,3847],"tags":[6048],"_links":{"self":[{"href":"http:\/\/desarrollo.grupomedios.com\/futbol\/wp-json\/wp\/v2\/posts\/432986"}],"collection":[{"href":"http:\/\/desarrollo.grupomedios.com\/futbol\/wp-json\/wp\/v2\/posts"}],"about":[{"href":"http:\/\/desarrollo.grupomedios.com\/futbol\/wp-json\/wp\/v2\/types\/post"}],"author":[{"embeddable":true,"href":"http:\/\/desarrollo.grupomedios.com\/futbol\/wp-json\/wp\/v2\/users\/20"}],"replies":[{"embeddable":true,"href":"http:\/\/desarrollo.grupomedios.com\/futbol\/wp-json\/wp\/v2\/comments?post=432986"}],"version-history":[{"count":0,"href":"http:\/\/desarrollo.grupomedios.com\/futbol\/wp-json\/wp\/v2\/posts\/432986\/revisions"}],"wp:featuredmedia":[{"embeddable":true,"href":"http:\/\/desarrollo.grupomedios.com\/futbol\/wp-json\/wp\/v2\/media\/432987"}],"wp:attachment":[{"href":"http:\/\/desarrollo.grupomedios.com\/futbol\/wp-json\/wp\/v2\/media?parent=432986"}],"wp:term":[{"taxonomy":"category","embeddable":true,"href":"http:\/\/desarrollo.grupomedios.com\/futbol\/wp-json\/wp\/v2\/categories?post=432986"},{"taxonomy":"post_tag","embeddable":true,"href":"http:\/\/desarrollo.grupomedios.com\/futbol\/wp-json\/wp\/v2\/tags?post=432986"}],"curies":[{"name":"wp","href":"https:\/\/api.w.org\/{rel}","templated":true}]}}