{"id":433110,"date":"2016-10-01T16:38:04","date_gmt":"2016-10-01T21:38:04","guid":{"rendered":"https:\/\/www.futboltotal.com.mx\/?p=433110"},"modified":"2016-10-01T16:39:45","modified_gmt":"2016-10-01T21:39:45","slug":"chicharito-hernandez-anota-bayer-leverkusen-vence-borussia-dortmund","status":"publish","type":"post","link":"http:\/\/desarrollo.grupomedios.com\/futbol\/destacado-home\/chicharito-hernandez-anota-bayer-leverkusen-vence-borussia-dortmund\/2016\/10","title":{"rendered":"Chicharito anota y Leverkusen vence al Dortmund"},"content":{"rendered":"<p>El mexicano <strong>Javier Chicharito Hern\u00e1ndez<\/strong> sigue enrachado, pues este d\u00eda anot\u00f3 un gol en la victoria del Bayer Leverkusen por 2-0 sobre el <strong>Borussia Dortmund <\/strong>y consigui\u00f3 su quinto tanto en una semana.<\/p>\n<p>Desde el comienzo del partido el <strong>Bayer<\/strong> busc\u00f3 atacar al <strong>Dortmund<\/strong> y fue <strong>Javier Hern\u00e1ndez<\/strong> quien realiz\u00f3 la primera ocasi\u00f3n de peligro luego de un gran remate de cabeza que el portero Burki ataj\u00f3. De esa jugada naci\u00f3 el primer gol de\u00a0<em>las aspirinas.<\/em><\/p>\n<p>Calanouglu cobr\u00f3 el tiro de esquina y Mehmedi remat\u00f3 de cabeza para vencer Burki y adelantar a los locales en el marcador.<\/p>\n<p style=\"text-align: center;\"><strong><span style=\"color: #3366ff;\">LEER M\u00c1S:\u00a0<a style=\"color: #3366ff;\" href=\"https:\/\/www.futboltotal.com.mx\/2016\/10\/en-vivo-leverkusen-vs-dortmund\/\">AS\u00cd SE VIVI\u00d3 | Bayer Leverkusen 2-0 Borussia Dortmund | Bundesliga<\/a><\/span><\/strong><\/p>\n<p><img decoding=\"async\" loading=\"lazy\" class=\"alignnone size-full wp-image-433089\" src=\"https:\/\/www.futboltotal.com.mx\/wp-content\/uploads\/2016\/10\/en-vivo-leverkusen-vs-dortmund-1-0.jpg\" alt=\"en-vivo-leverkusen-vs-dortmund-1-0\" srcset=\"http:\/\/desarrollo.grupomedios.com\/futbol\/wp-content\/uploads\/2016\/10\/en-vivo-leverkusen-vs-dortmund-1-0.jpg 858w, http:\/\/desarrollo.grupomedios.com\/futbol\/wp-content\/uploads\/2016\/10\/en-vivo-leverkusen-vs-dortmund-1-0-300x151.jpg 300w, http:\/\/desarrollo.grupomedios.com\/futbol\/wp-content\/uploads\/2016\/10\/en-vivo-leverkusen-vs-dortmund-1-0-768x386.jpg 768w, http:\/\/desarrollo.grupomedios.com\/futbol\/wp-content\/uploads\/2016\/10\/en-vivo-leverkusen-vs-dortmund-1-0-340x171.jpg 340w\" sizes=\"(max-width: 858px) 100vw, 858px\" \/><\/p>\n<p>Despu\u00e9s el <strong>Borussia Dortmund<\/strong> se fue al frente con Pierre-Emerick Aubameyang y el franc\u00e9s Dembel\u00e9, pero ninguno de los dos estuvieron finos y junto con la concentraci\u00f3n del portero Bernd Leno, se les neg\u00f3 la anotaci\u00f3n en el Bay Arena.<\/p>\n<p>En la segunda mitad ambos equipos buscaron la porter\u00eda, el <strong>Dortmund<\/strong> busc\u00f3 el empate y el<strong> Leverkusen<\/strong> aumentar su ventaja en el marcador. Los movimientos al frente de Chicharito y Kevin Volland, quien ingres\u00f3 en el segundo tiempo, causaron mayor peligro en la meta de Burki, quien tambi\u00e9n estuvo atento a los disparos de larga distancia.<\/p>\n<p style=\"text-align: center;\"><strong><span style=\"color: #3366ff;\">LEER M\u00c1S:\u00a0<a style=\"color: #3366ff;\" href=\"https:\/\/www.futboltotal.com.mx\/2016\/10\/llaman-manos-mantequilla-a-ochoa-en-espana\/\">Llaman \u2018manos de mantequilla\u2019 a Ochoa en Espa\u00f1a<\/a><\/span><\/strong><\/p>\n<p>Cuando el partido finalizaba, el <strong>Bayer Leverkusen<\/strong> sentenci\u00f3 el partido con un letal contragolpe entre Volland y Calanoglu que terminar\u00eda con <strong>Chicharito<\/strong> empujando el bal\u00f3n a la red para marcar su quinto gol en la <strong>Bundesliga<\/strong> y el mismo n\u00famero en una sola semana.<\/p>\n<blockquote class=\"twitter-video\" data-lang=\"es\">\n<p dir=\"ltr\" lang=\"es\">Gol de <a href=\"https:\/\/twitter.com\/CH14_\">@CH14_<\/a> contra el <a href=\"https:\/\/twitter.com\/BVB\">@BVB<\/a> ! Lo gana el <a href=\"https:\/\/twitter.com\/bayer04_es\">@bayer04_es<\/a> 2-0 <a href=\"https:\/\/t.co\/dhtTTcBmtl\">pic.twitter.com\/dhtTTcBmtl<\/a><\/p>\n<p>\u2014 Jaime Luna (@jimmychrist2) <a href=\"https:\/\/twitter.com\/jimmychrist2\/status\/782281773300408320\">1 de octubre de 2016<\/a><\/p><\/blockquote>\n<p><script async src=\"\/\/platform.twitter.com\/widgets.js\" charset=\"utf-8\"><\/script><\/p>\n<p><iframe loading=\"lazy\" src=\"https:\/\/www.youtube.com\/embed\/ZhQv5eLRdLU?feature=oembed\" frameborder=\"0\" allowfullscreen><\/iframe><\/p>\n","protected":false},"excerpt":{"rendered":"<p>Chicharito marc\u00f3 su quinto gol en la semana<\/p>\n","protected":false},"author":129,"featured_media":433111,"comment_status":"closed","ping_status":"closed","sticky":false,"template":"","format":"standard","meta":[],"categories":[5,3839,6822,6718],"tags":[4335,120],"_links":{"self":[{"href":"http:\/\/desarrollo.grupomedios.com\/futbol\/wp-json\/wp\/v2\/posts\/433110"}],"collection":[{"href":"http:\/\/desarrollo.grupomedios.com\/futbol\/wp-json\/wp\/v2\/posts"}],"about":[{"href":"http:\/\/desarrollo.grupomedios.com\/futbol\/wp-json\/wp\/v2\/types\/post"}],"author":[{"embeddable":true,"href":"http:\/\/desarrollo.grupomedios.com\/futbol\/wp-json\/wp\/v2\/users\/129"}],"replies":[{"embeddable":true,"href":"http:\/\/desarrollo.grupomedios.com\/futbol\/wp-json\/wp\/v2\/comments?post=433110"}],"version-history":[{"count":0,"href":"http:\/\/desarrollo.grupomedios.com\/futbol\/wp-json\/wp\/v2\/posts\/433110\/revisions"}],"wp:featuredmedia":[{"embeddable":true,"href":"http:\/\/desarrollo.grupomedios.com\/futbol\/wp-json\/wp\/v2\/media\/433111"}],"wp:attachment":[{"href":"http:\/\/desarrollo.grupomedios.com\/futbol\/wp-json\/wp\/v2\/media?parent=433110"}],"wp:term":[{"taxonomy":"category","embeddable":true,"href":"http:\/\/desarrollo.grupomedios.com\/futbol\/wp-json\/wp\/v2\/categories?post=433110"},{"taxonomy":"post_tag","embeddable":true,"href":"http:\/\/desarrollo.grupomedios.com\/futbol\/wp-json\/wp\/v2\/tags?post=433110"}],"curies":[{"name":"wp","href":"https:\/\/api.w.org\/{rel}","templated":true}]}}