{"id":433122,"date":"2016-10-01T14:57:06","date_gmt":"2016-10-01T19:57:06","guid":{"rendered":"https:\/\/www.futboltotal.com.mx\/?p=433122"},"modified":"2016-10-01T16:17:20","modified_gmt":"2016-10-01T21:17:20","slug":"valencia-anuncia-a-nuevo-tecnico","status":"publish","type":"post","link":"http:\/\/desarrollo.grupomedios.com\/futbol\/futbol-internacional\/valencia-anuncia-a-nuevo-tecnico\/2016\/10","title":{"rendered":"\u00a1Valencia anuncia a su nuevo t\u00e9cnico!"},"content":{"rendered":"<p>El <strong>Valencia<\/strong> ha hecho oficial la contrataci\u00f3n del t\u00e9cnico italiano<strong> Cesar Prandelli<\/strong> como entrenador del equipo para esta temporada y la pr\u00f3xima.<\/p>\n<blockquote class=\"twitter-tweet\" data-lang=\"es\">\n<p dir=\"ltr\" lang=\"it\">COMUNICADO OFICIAL | Cesare Prandelli <a href=\"https:\/\/twitter.com\/hashtag\/BenvenutoCesare?src=hash\">#BenvenutoCesare<\/a> <a href=\"https:\/\/t.co\/yp4ZrQXsWl\">https:\/\/t.co\/yp4ZrQXsWl<\/a> <a href=\"https:\/\/t.co\/fNELZA7XdV\">pic.twitter.com\/fNELZA7XdV<\/a><\/p>\n<p>\u2014 Valencia CF (@valenciacf) <a href=\"https:\/\/twitter.com\/valenciacf\/status\/782259589421142016\">1 de octubre de 2016<\/a><\/p><\/blockquote>\n<p><script async src=\"\/\/platform.twitter.com\/widgets.js\" charset=\"utf-8\"><\/script><\/p>\n<p><strong>Prandelli<\/strong>, de 59 a\u00f1os, ha rubricado hoy su acuerdo con la presidenta del club, LayHoon Chan, y asistir\u00e1 ma\u00f1ana desde el palco al partido <strong>Valencia<\/strong>-Atl\u00e9tico de Madrid.<\/p>\n<p style=\"text-align: center;\"><strong><span style=\"color: #3366ff;\">LEER M\u00c1S:\u00a0<a style=\"color: #3366ff;\" href=\"https:\/\/www.futboltotal.com.mx\/2016\/10\/chicharito-hernandez-anota-bayer-leverkusen-vence-borussia-dortmund\/\">Chicharito anota y Leverkusen vence al Dortmund<\/a><\/span><\/strong><\/p>\n<p>El nuevo t\u00e9cnico del <strong>Valencia<\/strong> ser\u00e1 presentado ante los medios el lunes a las 12:00 horas en el estadio Mestalla y por la tarde dirigir\u00e1 el primer entrenamiento del equipo en la ciudad deportiva de Paterna. EFE<\/p>\n<p><strong>Prandelli<\/strong> fue entrenador de la Selecci\u00f3n de Italia en el pasado Mundial de Brasil 2014 y tras quedar eliminado en la Fase de Grupos, decidi\u00f3 renunciar a su cargo como entrenador.<\/p>\n","protected":false},"excerpt":{"rendered":"<p>Cesare Prandelli dirigir\u00e1 a los naranjeros por un a\u00f1o y medio<\/p>\n","protected":false},"author":144,"featured_media":433123,"comment_status":"closed","ping_status":"closed","sticky":false,"template":"","format":"standard","meta":[],"categories":[3839,3844,5951],"tags":[87],"_links":{"self":[{"href":"http:\/\/desarrollo.grupomedios.com\/futbol\/wp-json\/wp\/v2\/posts\/433122"}],"collection":[{"href":"http:\/\/desarrollo.grupomedios.com\/futbol\/wp-json\/wp\/v2\/posts"}],"about":[{"href":"http:\/\/desarrollo.grupomedios.com\/futbol\/wp-json\/wp\/v2\/types\/post"}],"author":[{"embeddable":true,"href":"http:\/\/desarrollo.grupomedios.com\/futbol\/wp-json\/wp\/v2\/users\/144"}],"replies":[{"embeddable":true,"href":"http:\/\/desarrollo.grupomedios.com\/futbol\/wp-json\/wp\/v2\/comments?post=433122"}],"version-history":[{"count":0,"href":"http:\/\/desarrollo.grupomedios.com\/futbol\/wp-json\/wp\/v2\/posts\/433122\/revisions"}],"wp:featuredmedia":[{"embeddable":true,"href":"http:\/\/desarrollo.grupomedios.com\/futbol\/wp-json\/wp\/v2\/media\/433123"}],"wp:attachment":[{"href":"http:\/\/desarrollo.grupomedios.com\/futbol\/wp-json\/wp\/v2\/media?parent=433122"}],"wp:term":[{"taxonomy":"category","embeddable":true,"href":"http:\/\/desarrollo.grupomedios.com\/futbol\/wp-json\/wp\/v2\/categories?post=433122"},{"taxonomy":"post_tag","embeddable":true,"href":"http:\/\/desarrollo.grupomedios.com\/futbol\/wp-json\/wp\/v2\/tags?post=433122"}],"curies":[{"name":"wp","href":"https:\/\/api.w.org\/{rel}","templated":true}]}}