{"id":433197,"date":"2016-10-01T19:00:49","date_gmt":"2016-10-02T00:00:49","guid":{"rendered":"https:\/\/www.futboltotal.com.mx\/?p=433197"},"modified":"2016-10-01T19:06:09","modified_gmt":"2016-10-02T00:06:09","slug":"resultados-liga-mx-cruz-azul-5-3-veracruz","status":"publish","type":"post","link":"http:\/\/desarrollo.grupomedios.com\/futbol\/destacado-home\/resultados-liga-mx-cruz-azul-5-3-veracruz\/2016\/10","title":{"rendered":"Cruz Azul y Boy consiguen vida gracias al Veracruz"},"content":{"rendered":"<p>Lo que comenz\u00f3 como una pesadilla, termin\u00f3 como un regalo que agradeci\u00f3 <a href=\"http:\/\/futboltotal.com.mx\/equipos\/cruz-azul\/\" target=\"_blank\"><strong>Cruz Azul<\/strong><\/a> y Tom\u00e1s Boy, pues el equipo vino de atr\u00e1s para vencer 5-3 al <a href=\"http:\/\/futboltotal.com.mx\/equipos\/veracruz\/\" target=\"_blank\"><strong>Veracruz<\/strong><\/a> en la <strong>jornada 12 del Apertura 2016<\/strong>, donde los jarochos siguen sin levantar en la Liga MX.<\/p>\n<blockquote class=\"twitter-tweet\" data-lang=\"es\">\n<p dir=\"ltr\" lang=\"es\">\u00a1Termina el partido de la J12, gracias por su apoyo! \u00a1Vamos equipo! \u00a1Dale Azul! <a href=\"https:\/\/twitter.com\/hashtag\/AzulEsTodo?src=hash\">#AzulEsTodo<\/a> <a href=\"https:\/\/twitter.com\/hashtag\/TuVidaNoEsUnJuego?src=hash\">#TuVidaNoEsUnJuego<\/a> <a href=\"https:\/\/t.co\/0Pnckk6cxh\">pic.twitter.com\/0Pnckk6cxh<\/a><\/p>\n<p>\u2014 CRUZ AZUL FC \u00ae (@Cruz_Azul_FC) <a href=\"https:\/\/twitter.com\/Cruz_Azul_FC\/status\/782368095658729472\">1 de octubre de 2016<\/a><\/p><\/blockquote>\n<p><script async src=\"\/\/platform.twitter.com\/widgets.js\" charset=\"utf-8\"><\/script><\/p>\n<p>El Estadio Azul luci\u00f3 semivac\u00edo, pese a la postura de la afici\u00f3n, la M\u00e1quina intent\u00f3 imponer su estilo, pero Mat\u00edas Cahais abri\u00f3 el marcador al 11\u2019, sin embargo, Christian Gim\u00e9nez igual\u00f3 por la v\u00eda del penal (29\u2019). Pese a que Joao Rojas le dio la vuelta al tablero (39\u2019), la felicidad fue fugaz ya que Juan Alb\u00edn puso el 2-2 (40\u2019).<\/p>\n<p style=\"text-align: center;\"><span style=\"color: #3366ff;\"><a style=\"color: #3366ff;\" href=\"https:\/\/www.futboltotal.com.mx\/2016\/10\/en-vivo-cruz-azul-vs-veracruz-liga-mx-2\/\" target=\"_blank\"><strong>LEER M\u00c1S: As\u00ed se vivi\u00f3 el Cruz Azul vs Veracruz<\/strong><\/a><\/span><\/p>\n<p>Para el complemento del cotejo, los <em>Celestes<\/em> se adue\u00f1aron del bal\u00f3n Joao dio la ventaja (47\u2019) y m\u00e1s tarde Gabriel Pe\u00f1alba se gan\u00f3 la roja al minuto 60, no conforme, \u00a0<em>Chaco<\/em> hizo el 4-2 (64\u2019). Cuando todo parec\u00eda que ser\u00eda mero tr\u00e1mite para los pupilos del <em>Jefe<\/em>, Leobardo L\u00f3pez movi\u00f3 las redes para el 4-3 (79\u2019) lo cual puso de nervios a los <em>Cementeros<\/em>, aunque en la recta final Jorge Ben\u00edtez sentenci\u00f3 el triunfo (92&#8242;).<\/p>\n<p><iframe loading=\"lazy\" src=\"https:\/\/www.youtube.com\/embed\/CWQ6j1sKqjg?feature=oembed\" frameborder=\"0\" allowfullscreen><\/iframe><\/p>\n<p>De esta forma, los de la Noria son novenos con 15 unidades, mientras que los Tiburones Rojos pen\u00faltimos con nueve puntos.<\/p>\n<p><a href=\"https:\/\/www.futboltotal.com.mx\/wp-content\/uploads\/2016\/10\/cruz-azul-vs-veracruz-resultados-liga-mx.jpg\"><img decoding=\"async\" loading=\"lazy\" class=\"alignnone size-full wp-image-433201\" src=\"https:\/\/www.futboltotal.com.mx\/wp-content\/uploads\/2016\/10\/cruz-azul-vs-veracruz-resultados-liga-mx.jpg\" alt=\"Cruz Azul\" srcset=\"http:\/\/desarrollo.grupomedios.com\/futbol\/wp-content\/uploads\/2016\/10\/cruz-azul-vs-veracruz-resultados-liga-mx.jpg 858w, http:\/\/desarrollo.grupomedios.com\/futbol\/wp-content\/uploads\/2016\/10\/cruz-azul-vs-veracruz-resultados-liga-mx-300x151.jpg 300w, http:\/\/desarrollo.grupomedios.com\/futbol\/wp-content\/uploads\/2016\/10\/cruz-azul-vs-veracruz-resultados-liga-mx-768x386.jpg 768w, http:\/\/desarrollo.grupomedios.com\/futbol\/wp-content\/uploads\/2016\/10\/cruz-azul-vs-veracruz-resultados-liga-mx-340x171.jpg 340w\" sizes=\"(max-width: 858px) 100vw, 858px\" \/><\/a><\/p>\n<p>&nbsp;<\/p>\n<p>Alineaci\u00f3n <strong>Cruz Azul<\/strong>:\u00a0Jes\u00fas Corona; Juli\u00e1n Vel\u00e1zquez, Omar Mendoza, Julio Dom\u00ednguez, Rafael Baca; Aldo Leao, Christian Gim\u00e9nez (Jorge Ben\u00edtez 79\u2019), Joao Rojas, Rosario Cota, Enzo Roco; Joffr\u00e9 Guerr\u00f3n (V\u00edctor V\u00e1zquez 79\u2019). DT: Tom\u00e1s Boy.<\/p>\n<p>Alineaci\u00f3n <strong>Veracruz<\/strong>:\u00a0Pedro Gallese; Jes\u00fas Paganoni, Mat\u00edas Cahais, Leobardo L\u00f3pez, Lucas Rodr\u00edguez; Jeh\u00fa Chiapas, Gabriel Pe\u00f1alba, Adri\u00e1n Luna (\u00d3scar Luna 75\u2019), Juan Alb\u00edn; Daniel Villalva, Julio Furch. DT: Juan Luna.<\/p>\n","protected":false},"excerpt":{"rendered":"<p>La M\u00e1quina venci\u00f3 5-3 a los jarochos <\/p>\n","protected":false},"author":20,"featured_media":433199,"comment_status":"closed","ping_status":"closed","sticky":false,"template":"","format":"standard","meta":[],"categories":[5,2198,3845],"tags":[5962,6049],"_links":{"self":[{"href":"http:\/\/desarrollo.grupomedios.com\/futbol\/wp-json\/wp\/v2\/posts\/433197"}],"collection":[{"href":"http:\/\/desarrollo.grupomedios.com\/futbol\/wp-json\/wp\/v2\/posts"}],"about":[{"href":"http:\/\/desarrollo.grupomedios.com\/futbol\/wp-json\/wp\/v2\/types\/post"}],"author":[{"embeddable":true,"href":"http:\/\/desarrollo.grupomedios.com\/futbol\/wp-json\/wp\/v2\/users\/20"}],"replies":[{"embeddable":true,"href":"http:\/\/desarrollo.grupomedios.com\/futbol\/wp-json\/wp\/v2\/comments?post=433197"}],"version-history":[{"count":0,"href":"http:\/\/desarrollo.grupomedios.com\/futbol\/wp-json\/wp\/v2\/posts\/433197\/revisions"}],"wp:featuredmedia":[{"embeddable":true,"href":"http:\/\/desarrollo.grupomedios.com\/futbol\/wp-json\/wp\/v2\/media\/433199"}],"wp:attachment":[{"href":"http:\/\/desarrollo.grupomedios.com\/futbol\/wp-json\/wp\/v2\/media?parent=433197"}],"wp:term":[{"taxonomy":"category","embeddable":true,"href":"http:\/\/desarrollo.grupomedios.com\/futbol\/wp-json\/wp\/v2\/categories?post=433197"},{"taxonomy":"post_tag","embeddable":true,"href":"http:\/\/desarrollo.grupomedios.com\/futbol\/wp-json\/wp\/v2\/tags?post=433197"}],"curies":[{"name":"wp","href":"https:\/\/api.w.org\/{rel}","templated":true}]}}