{"id":433362,"date":"2016-10-02T13:12:21","date_gmt":"2016-10-02T18:12:21","guid":{"rendered":"https:\/\/www.futboltotal.com.mx\/?p=433362"},"modified":"2016-10-02T13:14:11","modified_gmt":"2016-10-02T18:14:11","slug":"gerrard-medita-volver-a-la-premier-league","status":"publish","type":"post","link":"http:\/\/desarrollo.grupomedios.com\/futbol\/futbol-internacional\/gerrard-medita-volver-a-la-premier-league\/2016\/10","title":{"rendered":"Gerrard medita volver a la Premier League"},"content":{"rendered":"<p>El centrocampista ingl\u00e9s <strong>Steven Gerrard<\/strong>\u00a0declar\u00f3 que estudia dejar su club, Los \u00c1ngeles Galaxy, el pr\u00f3ximo noviembre, cuando venza su contrato, y ha dejado abierta la puerta a un regreso a la <strong>Premier League<\/strong>.<\/p>\n<p>El antiguo jugador del Liverpool y de la selecci\u00f3n inglesa, de 36 a\u00f1os, ha revelado que todav\u00eda no ha habido negociaciones &#8220;formales&#8221; para ampliar su contrato con el conjunto californiano.<\/p>\n<p style=\"text-align: center;\"><span style=\"color: #3366ff;\"><strong><span style=\"color: #3366ff;\"><a style=\"color: #3366ff;\" href=\"https:\/\/www.futboltotal.com.mx\/futbol-internacional\/\">LEER M\u00c1S: Todas las noticias de futbol internacional<\/a><\/span>\u00a0<\/strong><\/span><\/p>\n<blockquote><p>&#8220;Me pregunto si puedo seguir jugando durante algo m\u00e1s de tiempo o si ha llegado el d\u00eda (de la retirada). Todav\u00eda no lo he decidido al cien por cien&#8221;, dijo Gerrard a la emisora de radio brit\u00e1nica <em>Radio City Talk.<\/em><\/p>\n<p>&#8220;Todav\u00eda disfruto jugando, entrenando y compitiendo. As\u00ed que si puedo seguir durante algo m\u00e1s de tiempo y existe la oportunidad de seguir aqu\u00ed o ir a otro sitio durante seis o doce meses lo considerar\u00e9&#8221;, a\u00f1adi\u00f3.<\/p>\n<p>&#8220;Voy a estar retirado durante mucho tiempo, as\u00ed que quiero disfrutar estas cosas ahora que todav\u00eda me siento bien&#8221;, se\u00f1al\u00f3 Gerrard.<\/p><\/blockquote>\n<p>Desde su debut con el Liverpool, un 29 de noviembre de 1998, en un partido de liga frente al Blackburn Rovers, cuando sustituy\u00f3 al noruego Vegard Heggem, Gerrard jug\u00f3 m\u00e1s de 700 encuentros con la camiseta &#8216;Red&#8217;.<\/p>\n<p>En sus 17 cursos en Liverpool, el centrocampista gan\u00f3 una Copa de la UEFA, dos Supercopas de Europa, dos Copas de Inglaterra (FA Cup), tres Copas de la Liga (ahora Capital One Cup) y una Supercopa de Inglaterra (Community Shield), adem\u00e1s de la Liga de Campeones.<\/p>\n<blockquote><p>&#8220;Con J\u00fcrgen Klopp y Ronald Koeman en Liverpool, Pep Guardiola y Jos\u00e9 Mourinho en Manchester y Antonio Conte, Mauricio Pochettino y Arsene Wenger en Londres, estamos viendo una Premier League tremendamente emocionante&#8221;, se\u00f1al\u00f3 Gerrard.<\/p>\n<p>&#8220;\u00c9sta puede ser una de las mejores temporadas de la historia&#8221;, concluy\u00f3 el ingl\u00e9s.<\/p><\/blockquote>\n","protected":false},"excerpt":{"rendered":"<p>El mediocampista ingl\u00e9s quiere dejar la MLS en noviembre<\/p>\n","protected":false},"author":20,"featured_media":433368,"comment_status":"closed","ping_status":"closed","sticky":false,"template":"","format":"standard","meta":[],"categories":[3839,5951],"tags":[560],"_links":{"self":[{"href":"http:\/\/desarrollo.grupomedios.com\/futbol\/wp-json\/wp\/v2\/posts\/433362"}],"collection":[{"href":"http:\/\/desarrollo.grupomedios.com\/futbol\/wp-json\/wp\/v2\/posts"}],"about":[{"href":"http:\/\/desarrollo.grupomedios.com\/futbol\/wp-json\/wp\/v2\/types\/post"}],"author":[{"embeddable":true,"href":"http:\/\/desarrollo.grupomedios.com\/futbol\/wp-json\/wp\/v2\/users\/20"}],"replies":[{"embeddable":true,"href":"http:\/\/desarrollo.grupomedios.com\/futbol\/wp-json\/wp\/v2\/comments?post=433362"}],"version-history":[{"count":0,"href":"http:\/\/desarrollo.grupomedios.com\/futbol\/wp-json\/wp\/v2\/posts\/433362\/revisions"}],"wp:featuredmedia":[{"embeddable":true,"href":"http:\/\/desarrollo.grupomedios.com\/futbol\/wp-json\/wp\/v2\/media\/433368"}],"wp:attachment":[{"href":"http:\/\/desarrollo.grupomedios.com\/futbol\/wp-json\/wp\/v2\/media?parent=433362"}],"wp:term":[{"taxonomy":"category","embeddable":true,"href":"http:\/\/desarrollo.grupomedios.com\/futbol\/wp-json\/wp\/v2\/categories?post=433362"},{"taxonomy":"post_tag","embeddable":true,"href":"http:\/\/desarrollo.grupomedios.com\/futbol\/wp-json\/wp\/v2\/tags?post=433362"}],"curies":[{"name":"wp","href":"https:\/\/api.w.org\/{rel}","templated":true}]}}