{"id":433411,"date":"2016-10-02T15:33:23","date_gmt":"2016-10-02T20:33:23","guid":{"rendered":"https:\/\/www.futboltotal.com.mx\/?p=433411"},"modified":"2016-10-03T14:43:49","modified_gmt":"2016-10-03T19:43:49","slug":"james-se-une-a-ola-lesionados-del-real-madrid","status":"publish","type":"post","link":"http:\/\/desarrollo.grupomedios.com\/futbol\/futbol-internacional\/james-se-une-a-ola-lesionados-del-real-madrid\/2016\/10","title":{"rendered":"James, otro lesionado del Real Madrid"},"content":{"rendered":"<p>El colombiano <strong>James Rodr\u00edguez<\/strong>, que no pudo jugar ante el Eibar, al retirarse durante el calentamiento previo al partido, sufre una lesi\u00f3n en el s\u00f3leo de la pierna izquierda, ha informado el Real Madrid.<\/p>\n<p style=\"text-align: center;\"><a href=\"https:\/\/www.futboltotal.com.mx\/2016\/10\/crisis-en-real-madrid\/\"><span style=\"color: #3366ff;\"><strong>LEER M\u00c1S: \u00bfHay crisis en el Real Madrid?<\/strong><\/span><\/a><\/p>\n<blockquote class=\"twitter-tweet\" data-lang=\"es\">\n<p dir=\"ltr\" lang=\"es\">Parte m\u00e9dico de James.<\/p>\n<p><a href=\"https:\/\/t.co\/ZkPTQqUU7D\">https:\/\/t.co\/ZkPTQqUU7D<\/a><a href=\"https:\/\/twitter.com\/hashtag\/RealMadrid?src=hash\">#RealMadrid<\/a> <a href=\"https:\/\/t.co\/iiefsKCz9O\">pic.twitter.com\/iiefsKCz9O<\/a><\/p>\n<p>\u2014 Real Madrid C. F. (@realmadrid) <a href=\"https:\/\/twitter.com\/realmadrid\/status\/782651365860311040\">2 de octubre de 2016<\/a><\/p><\/blockquote>\n<p><script async src=\"\/\/platform.twitter.com\/widgets.js\" charset=\"utf-8\"><\/script><br \/>\n<strong>James<\/strong> ampl\u00eda la mala racha de lesiones que padece el Real Madrid. Tras lesionarse en el calentamiento, las primeras pruebas m\u00e9dicas diagnostican una &#8220;lesi\u00f3n muscular de grado 1 en el s\u00f3leo de su pierna izquierda&#8221;, como indica el club en un parte m\u00e9dico.<\/p>\n<p>De esta manera no podr\u00e1 jugar con Colombia los partidos de las eliminatorias contra Paraguay y Uruguay, y se suma en la enfermer\u00eda a Casemiro, Luka Modric, Marcelo y las dudas de Karim Benzema y Raphael Varane, que tuvieron que retirarse en el descanso del partido de este domingo.<\/p>\n<p>La fecha de regreso en que podr\u00eda reaparecer el colombiano es una inc\u00f3gnita y todo depender\u00e1 de la evoluci\u00f3n que presente a la lesi\u00f3n.<\/p>\n","protected":false},"excerpt":{"rendered":"<p>El mediocampista no podr\u00e1 jugar eliminatorias mundialistas con Colombia<\/p>\n","protected":false},"author":20,"featured_media":433412,"comment_status":"closed","ping_status":"closed","sticky":false,"template":"","format":"standard","meta":[],"categories":[3839,3844],"tags":[6475,5988],"_links":{"self":[{"href":"http:\/\/desarrollo.grupomedios.com\/futbol\/wp-json\/wp\/v2\/posts\/433411"}],"collection":[{"href":"http:\/\/desarrollo.grupomedios.com\/futbol\/wp-json\/wp\/v2\/posts"}],"about":[{"href":"http:\/\/desarrollo.grupomedios.com\/futbol\/wp-json\/wp\/v2\/types\/post"}],"author":[{"embeddable":true,"href":"http:\/\/desarrollo.grupomedios.com\/futbol\/wp-json\/wp\/v2\/users\/20"}],"replies":[{"embeddable":true,"href":"http:\/\/desarrollo.grupomedios.com\/futbol\/wp-json\/wp\/v2\/comments?post=433411"}],"version-history":[{"count":0,"href":"http:\/\/desarrollo.grupomedios.com\/futbol\/wp-json\/wp\/v2\/posts\/433411\/revisions"}],"wp:featuredmedia":[{"embeddable":true,"href":"http:\/\/desarrollo.grupomedios.com\/futbol\/wp-json\/wp\/v2\/media\/433412"}],"wp:attachment":[{"href":"http:\/\/desarrollo.grupomedios.com\/futbol\/wp-json\/wp\/v2\/media?parent=433411"}],"wp:term":[{"taxonomy":"category","embeddable":true,"href":"http:\/\/desarrollo.grupomedios.com\/futbol\/wp-json\/wp\/v2\/categories?post=433411"},{"taxonomy":"post_tag","embeddable":true,"href":"http:\/\/desarrollo.grupomedios.com\/futbol\/wp-json\/wp\/v2\/tags?post=433411"}],"curies":[{"name":"wp","href":"https:\/\/api.w.org\/{rel}","templated":true}]}}