{"id":433555,"date":"2016-10-03T09:36:26","date_gmt":"2016-10-03T14:36:26","guid":{"rendered":"https:\/\/www.futboltotal.com.mx\/?p=433555"},"modified":"2016-10-03T09:36:26","modified_gmt":"2016-10-03T14:36:26","slug":"11-ideal-la-jornada-12-apertura-2016","status":"publish","type":"post","link":"http:\/\/desarrollo.grupomedios.com\/futbol\/destacado-home\/11-ideal-la-jornada-12-apertura-2016\/2016\/10","title":{"rendered":"El 11 ideal de la jornada 12 | Apertura 2016"},"content":{"rendered":"<p>La <strong>jornada 12 del Apertura 2016<\/strong> tuvo gratas sorpresas, que seguimos recordando debido a que la fecha FIFA de octubre suspender\u00e1 temporalmente la actividad de la Liga MX. Por ello, el primer fin de semana de este mes, es recordado, no s\u00f3lo por la conmemoraci\u00f3n de un hecho hist\u00f3rico triste acontecido en Tlatelolco, sino por las sorpresas que nos dieron estos 11 hombres:<\/p>\n<p style=\"text-align: center;\"><span style=\"color: #3366ff;\"><a style=\"color: #3366ff;\" href=\"https:\/\/www.futboltotal.com.mx\/2016\/10\/cae-ultimo-invicto-y-xolos-se-despega\/\" target=\"_blank\"><strong>LEER M\u00c1S: Resumen de la jornada 12<\/strong><\/a><\/span><\/p>\n<p><a href=\"https:\/\/www.futboltotal.com.mx\/wp-content\/uploads\/2016\/10\/11ideal-jornada-12.jpg\"><img decoding=\"async\" loading=\"lazy\" class=\"size-full wp-image-433556 aligncenter\" src=\"https:\/\/www.futboltotal.com.mx\/wp-content\/uploads\/2016\/10\/11ideal-jornada-12.jpg\" alt=\"11ideal-jornada-12\" srcset=\"http:\/\/desarrollo.grupomedios.com\/futbol\/wp-content\/uploads\/2016\/10\/11ideal-jornada-12.jpg 858w, http:\/\/desarrollo.grupomedios.com\/futbol\/wp-content\/uploads\/2016\/10\/11ideal-jornada-12-213x300.jpg 213w, http:\/\/desarrollo.grupomedios.com\/futbol\/wp-content\/uploads\/2016\/10\/11ideal-jornada-12-768x1083.jpg 768w, http:\/\/desarrollo.grupomedios.com\/futbol\/wp-content\/uploads\/2016\/10\/11ideal-jornada-12-726x1024.jpg 726w\" sizes=\"(max-width: 858px) 100vw, 858px\" \/><\/a><\/p>\n<p><strong>\u00d3scar P\u00e9rez | <a href=\"http:\/\/www.futboltotal.com.mx\/equipos\/pachuca\/\" target=\"_blank\">Pachuca<\/a><\/strong> | Con buenas atajadas, el <em>Conejo<\/em> evit\u00f3 que su equipo fuera fulminado en el cierre del encuentro, por ello m\u00e1s tarde, sus compa\u00f1eros respondieron anotando el empate.<\/p>\n<p><strong>Michael Orozco | <a href=\"http:\/\/www.futboltotal.com.mx\/equipos\/tijuana\/\" target=\"_blank\">Xolos<\/a><\/strong> | Es uno de los referentes del conjunto del<em> Piojo<\/em> que hoy ve la Liga MX desde el punto m\u00e1s alto, a cuatro puntos de diferencia del subl\u00edder y seis del tercer lugar.<\/p>\n<p><strong>Omar Gonz\u00e1lez | Pachuca<\/strong> | Madrug\u00f3 a Campestrini y dio el pase de gol con el que su equipo rescat\u00f3 un punto de la Angel\u00f3polis.<\/p>\n<p><strong>C\u00e9sar Montes | <a href=\"http:\/\/www.futboltotal.com.mx\/equipos\/monterrey\/\" target=\"_blank\">Monterrey<\/a><\/strong> | El joven zaguero se comport\u00f3 a la altura, al contener a Oribe Peralta y Silvio Romero.<\/p>\n<p><strong>Adri\u00e1n Cort\u00e9s | <a href=\"http:\/\/www.futboltotal.com.mx\/equipos\/puebla\/\" target=\"_blank\">Puebla<\/a><\/strong> | Su actuaci\u00f3n parecer\u00eda discreta, pero en realidad fue bastante efectiva, al no dejar que Hirving Lozano hiciera da\u00f1o.<\/p>\n<p><strong>Christian Gim\u00e9nez | <a href=\"http:\/\/www.futboltotal.com.mx\/equipos\/cruz-azul\/\" target=\"_blank\">Cruz Azul<\/a><\/strong> | Con doblete, el<em> Chaco<\/em> demuestra por qu\u00e9 es el alma del conjunto <em>celeste<\/em>.<\/p>\n<p><strong>Jes\u00fas Gallardo | <a href=\"http:\/\/www.futboltotal.com.mx\/equipos\/unam\/\" target=\"_blank\">Pumas<\/a><\/strong> | Su buen trabajo por la banda est\u00e1 siendo reconocido, ya que, la asistencia que le dio a Mat\u00edas Britos, fue lo que convenci\u00f3 a Osorio <a href=\"https:\/\/www.futboltotal.com.mx\/2016\/10\/jesus-gallardo-convocado-a-la-seleccion-mexicana\/\" target=\"_blank\">de llamarlo al <em>TRI<\/em><\/a>.<\/p>\n<p><strong>Isaac Brizuela | <a href=\"http:\/\/www.futboltotal.com.mx\/equipos\/guadalajara\/\" target=\"_blank\">Chivas<\/a><\/strong> | Sigue siendo uno de los referentes del equipo de Mat\u00edas Almeyda, no s\u00f3lo por su dinamismo y entrega, sino por sus golazos.<\/p>\n<p><strong>Edson Puch | Necaxa<\/strong> | Gracias a otro gol y una asistencia del chileno, los <em>Rayos<\/em> ascendieron al octavo lugar de la competencia y al noveno de la tabla porcentual.<\/p>\n<p><strong>Joao Rojas | Cruz Azul<\/strong> | Marc\u00f3 dos buenos goles que le dieron vida a la <em>M\u00e1quina<\/em> de Boy, en su lucha por la calificaci\u00f3n.<\/p>\n<p><strong>Mauro Boselli | <a href=\"http:\/\/www.futboltotal.com.mx\/equipos\/leon\/\" target=\"_blank\">Le\u00f3n<\/a><\/strong> | El argentino despert\u00f3 para causar terror en las zagas rivales, Tigres fue una exquisita v\u00edctima para \u00e9l, pues le quit\u00f3 el invicto con una anotaci\u00f3n y una asistencia.<\/p>\n","protected":false},"excerpt":{"rendered":"<p>Ellos fueron los her\u00f3icos protagonistas del fin de semana<\/p>\n","protected":false},"author":20,"featured_media":433557,"comment_status":"closed","ping_status":"closed","sticky":false,"template":"","format":"standard","meta":[],"categories":[5,2198,3845],"tags":[5623,6927,3329],"_links":{"self":[{"href":"http:\/\/desarrollo.grupomedios.com\/futbol\/wp-json\/wp\/v2\/posts\/433555"}],"collection":[{"href":"http:\/\/desarrollo.grupomedios.com\/futbol\/wp-json\/wp\/v2\/posts"}],"about":[{"href":"http:\/\/desarrollo.grupomedios.com\/futbol\/wp-json\/wp\/v2\/types\/post"}],"author":[{"embeddable":true,"href":"http:\/\/desarrollo.grupomedios.com\/futbol\/wp-json\/wp\/v2\/users\/20"}],"replies":[{"embeddable":true,"href":"http:\/\/desarrollo.grupomedios.com\/futbol\/wp-json\/wp\/v2\/comments?post=433555"}],"version-history":[{"count":0,"href":"http:\/\/desarrollo.grupomedios.com\/futbol\/wp-json\/wp\/v2\/posts\/433555\/revisions"}],"wp:featuredmedia":[{"embeddable":true,"href":"http:\/\/desarrollo.grupomedios.com\/futbol\/wp-json\/wp\/v2\/media\/433557"}],"wp:attachment":[{"href":"http:\/\/desarrollo.grupomedios.com\/futbol\/wp-json\/wp\/v2\/media?parent=433555"}],"wp:term":[{"taxonomy":"category","embeddable":true,"href":"http:\/\/desarrollo.grupomedios.com\/futbol\/wp-json\/wp\/v2\/categories?post=433555"},{"taxonomy":"post_tag","embeddable":true,"href":"http:\/\/desarrollo.grupomedios.com\/futbol\/wp-json\/wp\/v2\/tags?post=433555"}],"curies":[{"name":"wp","href":"https:\/\/api.w.org\/{rel}","templated":true}]}}