{"id":433584,"date":"2016-10-03T10:58:58","date_gmt":"2016-10-03T15:58:58","guid":{"rendered":"https:\/\/www.futboltotal.com.mx\/?p=433584"},"modified":"2016-10-03T11:28:01","modified_gmt":"2016-10-03T16:28:01","slug":"chivas-va-la-libertadores-jorge-vergara","status":"publish","type":"post","link":"http:\/\/desarrollo.grupomedios.com\/futbol\/futbol-mexicano\/chivas-va-la-libertadores-jorge-vergara\/2016\/10","title":{"rendered":"Chivas va por la Libertadores: Jorge Vergara"},"content":{"rendered":"<p>En una entrevista, el due\u00f1o de <a href=\"http:\/\/www.futboltotal.com.mx\/equipos\/guadalajara\/\" target=\"_blank\"><strong>Chivas<\/strong><\/a>, <strong>Jorge Vergara<\/strong>, dio a conocer que tanto \u00e9l como la plantilla del Guadalajara, anhelan estar en la <strong>Copa Libertadores<\/strong>, por eso se han planteado un proyecto, en caso de que el equipo consiga su boleto al certamen continental.<\/p>\n<p>\u201cEste a\u00f1o lo jugamos si o si, la decisi\u00f3n es para el 2018 y vamos a buscar el apoyo si las condiciones son favorables. Es muy importante que hagamos entender que la <strong>Copa Libertadores<\/strong> es important\u00edsima para M\u00e9xico\u201d, explic\u00f3 <strong>Jorge Vergara<\/strong>, en entrevista con la cadena<em> ESPN<\/em>.<\/p>\n<p>Con respecto a <a href=\"https:\/\/www.futboltotal.com.mx\/2016\/09\/cambios-en-libertadores-afectaran-liga-mx\/\" target=\"_blank\">las nuevas reglas de la CONMEBOL, para la siguiente edici\u00f3n de la <strong>Copa Libertadores<\/strong><\/a>, <strong>Jorge Vergara<\/strong> se mantiene tranquilo, pues asegura que tarde o temprano habr\u00e1 un di\u00e1logo razonable con la Liga MX.<\/p>\n<p style=\"text-align: center;\"><span style=\"color: #3366ff;\"><a style=\"color: #3366ff;\" href=\"https:\/\/www.futboltotal.com.mx\/2016\/10\/11-ideal-la-jornada-12-apertura-2016\/\" target=\"_blank\"><strong>LEER M\u00c1S: Jugador de Chivas, en el 11 ideal de la jornada 12<\/strong><\/a><\/span><\/p>\n<p>\u201cEs cuesti\u00f3n de llegar a acuerdos, si ellos y nosotros quieren va a ser f\u00e1cil de lograr. La Liga debe darlas negociaciones y luego nosotros tenemos que opinar\u201d; sentenci\u00f3 el pastor del <em>Reba\u00f1o Sagrado<\/em>.<\/p>\n","protected":false},"excerpt":{"rendered":"<p>El due\u00f1o del Reba\u00f1o Sagrado quiere conquistar Sudam\u00e9rica<\/p>\n","protected":false},"author":20,"featured_media":433590,"comment_status":"closed","ping_status":"closed","sticky":false,"template":"","format":"standard","meta":[],"categories":[2198,3845,5950],"tags":[70,1396,243],"_links":{"self":[{"href":"http:\/\/desarrollo.grupomedios.com\/futbol\/wp-json\/wp\/v2\/posts\/433584"}],"collection":[{"href":"http:\/\/desarrollo.grupomedios.com\/futbol\/wp-json\/wp\/v2\/posts"}],"about":[{"href":"http:\/\/desarrollo.grupomedios.com\/futbol\/wp-json\/wp\/v2\/types\/post"}],"author":[{"embeddable":true,"href":"http:\/\/desarrollo.grupomedios.com\/futbol\/wp-json\/wp\/v2\/users\/20"}],"replies":[{"embeddable":true,"href":"http:\/\/desarrollo.grupomedios.com\/futbol\/wp-json\/wp\/v2\/comments?post=433584"}],"version-history":[{"count":0,"href":"http:\/\/desarrollo.grupomedios.com\/futbol\/wp-json\/wp\/v2\/posts\/433584\/revisions"}],"wp:featuredmedia":[{"embeddable":true,"href":"http:\/\/desarrollo.grupomedios.com\/futbol\/wp-json\/wp\/v2\/media\/433590"}],"wp:attachment":[{"href":"http:\/\/desarrollo.grupomedios.com\/futbol\/wp-json\/wp\/v2\/media?parent=433584"}],"wp:term":[{"taxonomy":"category","embeddable":true,"href":"http:\/\/desarrollo.grupomedios.com\/futbol\/wp-json\/wp\/v2\/categories?post=433584"},{"taxonomy":"post_tag","embeddable":true,"href":"http:\/\/desarrollo.grupomedios.com\/futbol\/wp-json\/wp\/v2\/tags?post=433584"}],"curies":[{"name":"wp","href":"https:\/\/api.w.org\/{rel}","templated":true}]}}