{"id":433622,"date":"2016-10-03T15:34:06","date_gmt":"2016-10-03T20:34:06","guid":{"rendered":"https:\/\/www.futboltotal.com.mx\/?p=433622"},"modified":"2016-10-03T15:34:06","modified_gmt":"2016-10-03T20:34:06","slug":"inician-investigacion-racismo","status":"publish","type":"post","link":"http:\/\/desarrollo.grupomedios.com\/futbol\/futbol-mexicano\/inician-investigacion-racismo\/2016\/10","title":{"rendered":"Inician investigaci\u00f3n por racismo en Liga MX"},"content":{"rendered":"<p>Tras finalizar el partido entre <a href=\"http:\/\/www.futboltotal.com.mx\/equipos\/guadalajara\/\" target=\"_blank\"><strong>Chivas<\/strong><\/a> y <a href=\"http:\/\/www.futboltotal.com.mx\/equipos\/morelia\/\" target=\"_blank\"><strong>Morelia<\/strong><\/a> en el inmueble del Guadalajara, <a href=\"https:\/\/www.futboltotal.com.mx\/2016\/10\/denuncian-racismo-en-estadio-chivas\/\" target=\"_blank\"><em>Monarcas<\/em> denunci\u00f3 insultos racistas<\/a> en contra de <strong>Jefferson Cuero<\/strong>, de parte de aficionados rojiblancos, por esa raz\u00f3n, la Comisi\u00f3n Disciplinaria, decidi\u00f3 abrir una investigaci\u00f3n.<\/p>\n<p>\u201cLa <strong>Comisi\u00f3n Disciplinaria<\/strong> informa que se abri\u00f3 una investigaci\u00f3n por los supuestos gritos que algunos aficionados realizaron sobre el jugador de <strong>Monarcas Morelia<\/strong>, <strong>Jefferson Cuero<\/strong>, el pasado s\u00e1bado 1 de octubre en el Estadio Omnilife\u201d se\u00f1al\u00f3 la FMF en comunicado.<\/p>\n<p style=\"text-align: center;\"><span style=\"color: #3366ff;\"><a style=\"color: #3366ff;\" href=\"https:\/\/www.futboltotal.com.mx\/2016\/10\/denuncian-racismo-en-estadio-chivas\/\" target=\"_blank\"><strong>LEER M\u00c1S: Revive el Chivas vs Morelia<\/strong><\/a><\/span><\/p>\n<p>Tras la investigaci\u00f3n, la <strong>Comisi\u00f3n Disciplinaria<\/strong> de la <strong>Liga MX<\/strong>, determinar\u00e1 la sanci\u00f3n correspondiente. El futbol mexicano ha tenido varios episodios de racismo, los \u00faltimos, en contra del jugador del Am\u00e9rica, Darwin Quintero.<\/p>\n<p><span style=\"color: #ff0000;\"><strong>VIDEO: Mejores goles de la jornada 12<\/strong><\/span><\/p>\n<p>[video_player]https:\/\/player.vimeo.com\/external\/185336913.hd.mp4?s=55bb7a00f4aa3e8ed46bf11010bccf5e127020f1&amp;profile_id=174[\/video_player]<\/p>\n","protected":false},"excerpt":{"rendered":"<p>Comisi\u00f3n Disciplinaria indigar\u00e1 el caso de Jefferson Cuero<\/p>\n","protected":false},"author":20,"featured_media":433623,"comment_status":"closed","ping_status":"closed","sticky":false,"template":"","format":"standard","meta":[],"categories":[2198,3845,5950],"tags":[70,5967],"_links":{"self":[{"href":"http:\/\/desarrollo.grupomedios.com\/futbol\/wp-json\/wp\/v2\/posts\/433622"}],"collection":[{"href":"http:\/\/desarrollo.grupomedios.com\/futbol\/wp-json\/wp\/v2\/posts"}],"about":[{"href":"http:\/\/desarrollo.grupomedios.com\/futbol\/wp-json\/wp\/v2\/types\/post"}],"author":[{"embeddable":true,"href":"http:\/\/desarrollo.grupomedios.com\/futbol\/wp-json\/wp\/v2\/users\/20"}],"replies":[{"embeddable":true,"href":"http:\/\/desarrollo.grupomedios.com\/futbol\/wp-json\/wp\/v2\/comments?post=433622"}],"version-history":[{"count":0,"href":"http:\/\/desarrollo.grupomedios.com\/futbol\/wp-json\/wp\/v2\/posts\/433622\/revisions"}],"wp:featuredmedia":[{"embeddable":true,"href":"http:\/\/desarrollo.grupomedios.com\/futbol\/wp-json\/wp\/v2\/media\/433623"}],"wp:attachment":[{"href":"http:\/\/desarrollo.grupomedios.com\/futbol\/wp-json\/wp\/v2\/media?parent=433622"}],"wp:term":[{"taxonomy":"category","embeddable":true,"href":"http:\/\/desarrollo.grupomedios.com\/futbol\/wp-json\/wp\/v2\/categories?post=433622"},{"taxonomy":"post_tag","embeddable":true,"href":"http:\/\/desarrollo.grupomedios.com\/futbol\/wp-json\/wp\/v2\/tags?post=433622"}],"curies":[{"name":"wp","href":"https:\/\/api.w.org\/{rel}","templated":true}]}}