{"id":433666,"date":"2016-10-04T10:09:18","date_gmt":"2016-10-04T15:09:18","guid":{"rendered":"https:\/\/www.futboltotal.com.mx\/?p=433666"},"modified":"2016-10-04T10:09:18","modified_gmt":"2016-10-04T15:09:18","slug":"xavi-sale-a-la-defensa-marc-andre-ter-stegen","status":"publish","type":"post","link":"http:\/\/desarrollo.grupomedios.com\/futbol\/futbol-internacional\/xavi-sale-a-la-defensa-marc-andre-ter-stegen\/2016\/10","title":{"rendered":"Xavi sale a la defensa tras error de Ter Stegen"},"content":{"rendered":"<p>El exjugador del <strong>Barcelona<\/strong> <strong>Xavi Hern\u00e1ndez<\/strong>, ahora futbolista del Al-Sadd catar\u00ed y entrenador en sus academias de f\u00fatbol, opin\u00f3 que el portero alem\u00e1n <strong>Marc-Andr\u00e9 ter Stegen<\/strong>, que tuvo un grave error en la derrota del equipo azulgrana contra el Celta de Vigo, debe seguir siendo &#8220;valiente&#8221; y &#8220;atrevi\u00e9ndose&#8221;<\/p>\n<p>&#8220;No vi el partido contra el Celta, pero el Bar\u00e7a toma siempre muchos riesgos, no se valora el trabajo del portero y muchas veces no defendemos su calidad. El error de un portero se ve mucho m\u00e1s, l\u00f3gicamente. Hay que decirle a <strong>Ter Stegen<\/strong> que es valiente, que se atreva y que el f\u00fatbol del Bar\u00e7a es eso, proponer, y \u00e9l es lo que hace&#8221;, asegur\u00f3 Xavi en un acto de LaLiga, de la que es embajador, en Madrid.<\/p>\n<p>El<strong> Barcelona<\/strong> cay\u00f3 por 4-3 el pasado domingo ante el <strong>Celta<\/strong> en un partido en el que el guardameta alem\u00e1n cometi\u00f3 un grave error en el cuarto gol del equipo gallego, marcado por el chileno Tucu Hern\u00e1ndez, que el mismo <strong>Ter Stegen<\/strong> reconoci\u00f3 tras el encuentro.<\/p>\n<p style=\"text-align: center;\"><strong><span style=\"color: #3366ff;\">LEER M\u00c1S:\u00a0<a style=\"color: #3366ff;\" href=\"https:\/\/www.futboltotal.com.mx\/2016\/10\/jona-habla-tras-volver-al-tricolor\/\"> Jona dos Santos habl\u00f3 tras volver al Tri<\/a><\/span><\/strong><\/p>\n<p><iframe loading=\"lazy\" src=\"https:\/\/www.youtube.com\/embed\/_oT7WqJ4PHs?feature=oembed\" frameborder=\"0\" allowfullscreen><\/iframe><\/p>\n<p>Pese a las derrotas ante Celta y Alav\u00e9s en este inicio liguero, Xavi opin\u00f3 que el <strong>Barcelona<\/strong> est\u00e1 &#8220;igual de bien&#8221; que otras temporadas.<\/p>\n<p>&#8220;No han empezado como todos pens\u00e1bamos pero tampoco el Real Madrid y el Atl\u00e9tico. Eso es bueno para LaLiga, esa competitividad que hay&#8221;, dijo.<\/p>\n","protected":false},"excerpt":{"rendered":"<p>&#8220;Debe seguir atrevi\u00e9ndose&#8221;, dijo Xavi sobre el alem\u00e1n<\/p>\n","protected":false},"author":20,"featured_media":417161,"comment_status":"closed","ping_status":"closed","sticky":false,"template":"","format":"standard","meta":[],"categories":[3839,5951],"tags":[2933],"_links":{"self":[{"href":"http:\/\/desarrollo.grupomedios.com\/futbol\/wp-json\/wp\/v2\/posts\/433666"}],"collection":[{"href":"http:\/\/desarrollo.grupomedios.com\/futbol\/wp-json\/wp\/v2\/posts"}],"about":[{"href":"http:\/\/desarrollo.grupomedios.com\/futbol\/wp-json\/wp\/v2\/types\/post"}],"author":[{"embeddable":true,"href":"http:\/\/desarrollo.grupomedios.com\/futbol\/wp-json\/wp\/v2\/users\/20"}],"replies":[{"embeddable":true,"href":"http:\/\/desarrollo.grupomedios.com\/futbol\/wp-json\/wp\/v2\/comments?post=433666"}],"version-history":[{"count":0,"href":"http:\/\/desarrollo.grupomedios.com\/futbol\/wp-json\/wp\/v2\/posts\/433666\/revisions"}],"wp:featuredmedia":[{"embeddable":true,"href":"http:\/\/desarrollo.grupomedios.com\/futbol\/wp-json\/wp\/v2\/media\/417161"}],"wp:attachment":[{"href":"http:\/\/desarrollo.grupomedios.com\/futbol\/wp-json\/wp\/v2\/media?parent=433666"}],"wp:term":[{"taxonomy":"category","embeddable":true,"href":"http:\/\/desarrollo.grupomedios.com\/futbol\/wp-json\/wp\/v2\/categories?post=433666"},{"taxonomy":"post_tag","embeddable":true,"href":"http:\/\/desarrollo.grupomedios.com\/futbol\/wp-json\/wp\/v2\/tags?post=433666"}],"curies":[{"name":"wp","href":"https:\/\/api.w.org\/{rel}","templated":true}]}}