{"id":433679,"date":"2016-10-04T11:40:57","date_gmt":"2016-10-04T16:40:57","guid":{"rendered":"https:\/\/www.futboltotal.com.mx\/?p=433679"},"modified":"2016-10-05T07:13:47","modified_gmt":"2016-10-05T12:13:47","slug":"carlos-reinoso-regresa-a-drigir-a-veracruz","status":"publish","type":"post","link":"http:\/\/desarrollo.grupomedios.com\/futbol\/futbol-mexicano\/carlos-reinoso-regresa-a-drigir-a-veracruz\/2016\/10","title":{"rendered":"Carlos Reinoso regresa a dirigir al Veracruz"},"content":{"rendered":"<p>Luego del mal torneo que \u00a0est\u00e1n teniendo los <span style=\"color: #ff0000;\"><a style=\"color: #ff0000;\" href=\"http:\/\/futboltotal.com.mx\/equipos\/veracruz\/\">Tiburones Rojos del Veracruz,<\/a><\/span> donde ocupan la posici\u00f3n 16 en la tabla general del Apertura 2016, el club escualo\u00a0ha decidido que el t\u00e9cnico <strong>Carlos Reinoso<\/strong> vuelva a tomar las riendas del equipo.<\/p>\n<p><strong>Reinoso<\/strong> sali\u00f3 previo al inicio del torneo por motivos de salud y su lugar fue ocupado por Pablo Marini, pero el argentino no obtuvo los mejores resultados y renunci\u00f3 al cargo.<\/p>\n<p style=\"text-align: center;\"><strong><span style=\"color: #3366ff;\">LEER M\u00c1S:\u00a0<a style=\"color: #3366ff;\" href=\"https:\/\/www.futboltotal.com.mx\/2016\/10\/jona-habla-tras-volver-al-tricolor\/\"> Jona dos Santos habl\u00f3 tras volver al Tri<\/a><\/span><\/strong><\/p>\n<p>Ante ello, el propietario del equipo, Fidel Kuri Grajales, anunci\u00f3 para la secci\u00f3n de\u00a0<em>Cancha\u00a0<\/em>de <em>Grupo Reforma<\/em>, que\u00a0<em>El Maestro\u00a0<\/em><strong>Reinoso<\/strong> estaba de vuelta con el Veracruz.<\/p>\n<blockquote class=\"twitter-tweet\" data-lang=\"es\">\n<p dir=\"ltr\" lang=\"es\"><a href=\"https:\/\/twitter.com\/Carlos8Reinoso\">@Carlos8Reinoso<\/a> pues ya lo confirm\u00f3 el jefe kuri. Maestro ya d\u00edganos que si vuelve <a href=\"https:\/\/t.co\/RAejuj4VUt\">pic.twitter.com\/RAejuj4VUt<\/a><\/p>\n<p>\u2014 Tormenta tiburon (@Tormentatiburo1) <a href=\"https:\/\/twitter.com\/Tormentatiburo1\/status\/783313589012750336\">4 de octubre de 2016<\/a><\/p><\/blockquote>\n<p><script async src=\"\/\/platform.twitter.com\/widgets.js\" charset=\"utf-8\"><\/script><\/p>\n<p>El chileno <strong>Reinoso<\/strong> llegar\u00e1 con la misi\u00f3n de rescatar al equipo que se encuentra antepen\u00faltimo de la tabla con apenas nueve puntos y pen\u00faltimo de la tabla de cocientes y con solo cuatro puntos de distancia con Monarcas.<\/p>\n<p>Durante su etapa con el <strong>Veracruz<\/strong>,\u00a0<em>el Maestro\u00a0<\/em>alej\u00f3 a los <em>Tiburones Rojos<\/em> de la zona de descenso y en el Clausura 2015 los clasific\u00f3 a la liguilla como uno de los primeros cinco lugares, adem\u00e1s de ganar una Copa MX.<\/p>\n","protected":false},"excerpt":{"rendered":"<p>Reinoso buscar\u00e1 sacara a Veracruz de zonas de descenso<\/p>\n","protected":false},"author":20,"featured_media":433681,"comment_status":"closed","ping_status":"closed","sticky":false,"template":"","format":"standard","meta":[],"categories":[2198,3845,5950],"tags":[4538,6049],"_links":{"self":[{"href":"http:\/\/desarrollo.grupomedios.com\/futbol\/wp-json\/wp\/v2\/posts\/433679"}],"collection":[{"href":"http:\/\/desarrollo.grupomedios.com\/futbol\/wp-json\/wp\/v2\/posts"}],"about":[{"href":"http:\/\/desarrollo.grupomedios.com\/futbol\/wp-json\/wp\/v2\/types\/post"}],"author":[{"embeddable":true,"href":"http:\/\/desarrollo.grupomedios.com\/futbol\/wp-json\/wp\/v2\/users\/20"}],"replies":[{"embeddable":true,"href":"http:\/\/desarrollo.grupomedios.com\/futbol\/wp-json\/wp\/v2\/comments?post=433679"}],"version-history":[{"count":0,"href":"http:\/\/desarrollo.grupomedios.com\/futbol\/wp-json\/wp\/v2\/posts\/433679\/revisions"}],"wp:featuredmedia":[{"embeddable":true,"href":"http:\/\/desarrollo.grupomedios.com\/futbol\/wp-json\/wp\/v2\/media\/433681"}],"wp:attachment":[{"href":"http:\/\/desarrollo.grupomedios.com\/futbol\/wp-json\/wp\/v2\/media?parent=433679"}],"wp:term":[{"taxonomy":"category","embeddable":true,"href":"http:\/\/desarrollo.grupomedios.com\/futbol\/wp-json\/wp\/v2\/categories?post=433679"},{"taxonomy":"post_tag","embeddable":true,"href":"http:\/\/desarrollo.grupomedios.com\/futbol\/wp-json\/wp\/v2\/tags?post=433679"}],"curies":[{"name":"wp","href":"https:\/\/api.w.org\/{rel}","templated":true}]}}