{"id":433706,"date":"2016-10-04T13:19:29","date_gmt":"2016-10-04T18:19:29","guid":{"rendered":"https:\/\/www.futboltotal.com.mx\/?p=433706"},"modified":"2016-10-04T13:21:50","modified_gmt":"2016-10-04T18:21:50","slug":"tas-rebaja-la-suspension-sharapova-podra-competir-en-abril-2017","status":"publish","type":"post","link":"http:\/\/desarrollo.grupomedios.com\/futbol\/galerias\/tas-rebaja-la-suspension-sharapova-podra-competir-en-abril-2017\/2016\/10","title":{"rendered":"\u00a1Volver\u00e1 la belleza que extra\u00f1aban las canchas!"},"content":{"rendered":"<p>La tenista rusa <strong>Mar\u00eda Sharapova<\/strong> podr\u00e1 regresar a las pistas el 26 de abril de 2017 despu\u00e9s de que el <strong>Tribunal de Arbitraje Deportivo (TAS)<\/strong> rebajara hoy la sanci\u00f3n de dos a\u00f1os que recibi\u00f3 por consumo del f\u00e1rmaco cardiovascular Meldonium.<\/p>\n<div id=\"galleryj2E\" style=\"display:none;\"><img alt=\"\" src=\"http:\/\/desarrollo.grupomedios.com\/futbol\/wp-content\/uploads\/2016\/10\/maria-sharapova-6.jpg\" data-image=\"http:\/\/desarrollo.grupomedios.com\/futbol\/wp-content\/uploads\/2016\/10\/maria-sharapova-6.jpg\" data-description=\"maria-sharapova-6\"><img alt=\"\" src=\"http:\/\/desarrollo.grupomedios.com\/futbol\/wp-content\/uploads\/2016\/10\/maria-sharapova.jpg\" data-image=\"http:\/\/desarrollo.grupomedios.com\/futbol\/wp-content\/uploads\/2016\/10\/maria-sharapova.jpg\" data-description=\"maria-sharapova\"><img alt=\"\" src=\"http:\/\/desarrollo.grupomedios.com\/futbol\/wp-content\/uploads\/2016\/10\/maria-sharapova-10.jpg\" data-image=\"http:\/\/desarrollo.grupomedios.com\/futbol\/wp-content\/uploads\/2016\/10\/maria-sharapova-10.jpg\" data-description=\"maria-sharapova-10\"><img alt=\"\" src=\"http:\/\/desarrollo.grupomedios.com\/futbol\/wp-content\/uploads\/2016\/10\/maria-sharapova-9.jpg\" data-image=\"http:\/\/desarrollo.grupomedios.com\/futbol\/wp-content\/uploads\/2016\/10\/maria-sharapova-9.jpg\" data-description=\"maria-sharapova-9\"><img alt=\"\" src=\"http:\/\/desarrollo.grupomedios.com\/futbol\/wp-content\/uploads\/2016\/10\/maria-sharapova-8.jpg\" data-image=\"http:\/\/desarrollo.grupomedios.com\/futbol\/wp-content\/uploads\/2016\/10\/maria-sharapova-8.jpg\" data-description=\"maria-sharapova-8\"><img alt=\"\" src=\"http:\/\/desarrollo.grupomedios.com\/futbol\/wp-content\/uploads\/2016\/10\/maria-sharapova-7.jpg\" data-image=\"http:\/\/desarrollo.grupomedios.com\/futbol\/wp-content\/uploads\/2016\/10\/maria-sharapova-7.jpg\" data-description=\"maria-sharapova-7\"><img alt=\"\" src=\"http:\/\/desarrollo.grupomedios.com\/futbol\/wp-content\/uploads\/2016\/10\/maria-sharapova-5.jpg\" data-image=\"http:\/\/desarrollo.grupomedios.com\/futbol\/wp-content\/uploads\/2016\/10\/maria-sharapova-5.jpg\" data-description=\"maria-sharapova-5\"><img alt=\"\" src=\"http:\/\/desarrollo.grupomedios.com\/futbol\/wp-content\/uploads\/2016\/10\/maria-sharapova-4.jpg\" data-image=\"http:\/\/desarrollo.grupomedios.com\/futbol\/wp-content\/uploads\/2016\/10\/maria-sharapova-4.jpg\" data-description=\"maria-sharapova-4\"><img alt=\"\" src=\"http:\/\/desarrollo.grupomedios.com\/futbol\/wp-content\/uploads\/2016\/10\/maria-sharapova-3.jpg\" data-image=\"http:\/\/desarrollo.grupomedios.com\/futbol\/wp-content\/uploads\/2016\/10\/maria-sharapova-3.jpg\" data-description=\"maria-sharapova-3\"><img alt=\"\" src=\"http:\/\/desarrollo.grupomedios.com\/futbol\/wp-content\/uploads\/2016\/10\/maria-sharapova-2.jpg\" data-image=\"http:\/\/desarrollo.grupomedios.com\/futbol\/wp-content\/uploads\/2016\/10\/maria-sharapova-2.jpg\" data-description=\"maria-sharapova-2\"><img alt=\"\" src=\"http:\/\/desarrollo.grupomedios.com\/futbol\/wp-content\/uploads\/2016\/10\/maria-sharapova-1.jpg\" data-image=\"http:\/\/desarrollo.grupomedios.com\/futbol\/wp-content\/uploads\/2016\/10\/maria-sharapova-1.jpg\" data-description=\"maria-sharapova-1\"><\/div>\n        <script>\n        \/\/galeria 1\n        jQuery(document).ready(function(){ \n            var api;\n            api = jQuery(\"#galleryj2E\").unitegallery({\n                carousel_autoplay: false\n            }); \n        });\n        <\/script>\n        \n<p>&#8220;<strong>Sharapova<\/strong> podr\u00e1 competir a partir del 26 de abril de 2017 despu\u00e9s de la reducci\u00f3n del per\u00edodo de descalificaci\u00f3n&#8221;, anunci\u00f3 Shamil Tarp\u00edschev, presidente de la Federaci\u00f3n de Tenis de Rusia.<\/p>\n<p>Tarp\u00edschev, quien consider\u00f3 que Rusia debe estar satisfecha por la decisi\u00f3n, cree que a la hora de rebajar la sanci\u00f3n a 15 meses el TAS tuvo en cuenta la &#8220;intachable reputaci\u00f3n&#8221; de <strong>Sharapova<\/strong>, antigua n\u00famero uno del mundo y ganadora de cinco Grand Slams.<\/p>\n<p>El tribunal con sede en Lausana explic\u00f3 hoy en un comunicado que Shar\u00e1pova viol\u00f3 las reglas antidopaje al consumir un f\u00e1rmaco incluido en la lista de sustancias prohibidas, pero \u00e9ste no fue un error &#8220;significativo&#8221;.<\/p>\n<p>&#8220;Por ello, la descalificaci\u00f3n de quince meses es el castigo m\u00e1s apropiado&#8221;, se\u00f1ala. De esta forma, <strong>Mar\u00eda<\/strong> <strong>Sharapova<\/strong> se perder\u00e1 la pr\u00f3xima edici\u00f3n del Abierto de Australia, pero llegar\u00e1 a tiempo a la temporada de tierra y a Roland Garros, torneo que se adjudic\u00f3 en dos ocasiones (2012 y 2014).<\/p>\n<p style=\"text-align: center;\"><span style=\"color: #3366ff;\"><a style=\"color: #3366ff;\" href=\"https:\/\/www.futboltotal.com.mx\/2016\/10\/alejandra-la-vega-abandona-a-los-bravos\/\" target=\"_blank\"><strong>LEER M\u00c1S: Due\u00f1a de equipo de futbol, cambia equipo por pol\u00edtica<\/strong><\/a><\/span><\/p>\n<p>La nota recuerda que la rusa admiti\u00f3 p\u00fablicamente que hab\u00eda cometido esa infracci\u00f3n &#8220;de manera inadvertida&#8221;, ya que ella y su equipo no llegaron a darse cuenta de que Meldonium hab\u00eda sido incluido en la lista de sustancias dopantes en enero pasado.<\/p>\n<p>Adem\u00e1s, record\u00f3 que su doctor le hab\u00eda prescrito ese medicamento hace diez a\u00f1os y que no lo consumi\u00f3 para mejorar su rendimiento, sino por motivos de salud, por lo que recurri\u00f3 al <strong>TAS<\/strong> para que le rebajara la sanci\u00f3n impuesta por la ITF.<\/p>\n<p>El entrenador del equipo ol\u00edmpico, Vlad\u00edmir Camelzon, asegur\u00f3 que la decisi\u00f3n del <strong>TAS<\/strong> permitir\u00e1 a <strong>Sharapova<\/strong> &#8220;recuperar su buen nombre&#8221; y acus\u00f3 a la ITF y a la Agencia Mundial Antidopaje (AMA) de &#8220;inventar un problema para acabar con una gran deportista&#8221;.<\/p>\n<p>La ITF impuso el 8 de junio una suspensi\u00f3n de dos a\u00f1os a <strong>Sharapova<\/strong> por consumo de Meldonium, f\u00e1rmaco que se utiliza para combatir los problemas cardiovasculares y que, entre otros, su inventor y el presidente ruso, Vlad\u00edmir Putin, no consideran sustancia dopante. En cambio, la federaci\u00f3n internacional considera que Meldonium es un &#8220;modulador metab\u00f3lico&#8221; que incrementa el rendimiento f\u00edsico y mental.<\/p>\n<p><strong>Sharapova<\/strong>, que en un principio admiti\u00f3 que hab\u00eda cometido &#8220;un gran error&#8221; y pidi\u00f3 &#8220;una segunda oportunidad&#8221;, neg\u00f3 despu\u00e9s que consumiera Meldonium diariamente y que &#8220;fuera avisada cinco veces sobre la inminente prohibici\u00f3n de la medicina&#8221;.<\/p>\n<p>Nada m\u00e1s conocerse la sanci\u00f3n, algunas compa\u00f1\u00edas rompieron sus contratos publicitarios con la deportista, considerada la m\u00e1s rica del mundo y que perdi\u00f3 muchos millones de d\u00f3lares debido al esc\u00e1ndalo de dopaje, aunque otras empresas la defendieron hasta el final.<\/p>\n","protected":false},"excerpt":{"rendered":"<p>TAS rebaja suspensi\u00f3n a Mar\u00eda Sharapova<\/p>\n","protected":false},"author":144,"featured_media":433722,"comment_status":"closed","ping_status":"closed","sticky":false,"template":"","format":"standard","meta":[],"categories":[5419,6408,5422,3,5418,6411],"tags":[5460,2033,5771,5461],"_links":{"self":[{"href":"http:\/\/desarrollo.grupomedios.com\/futbol\/wp-json\/wp\/v2\/posts\/433706"}],"collection":[{"href":"http:\/\/desarrollo.grupomedios.com\/futbol\/wp-json\/wp\/v2\/posts"}],"about":[{"href":"http:\/\/desarrollo.grupomedios.com\/futbol\/wp-json\/wp\/v2\/types\/post"}],"author":[{"embeddable":true,"href":"http:\/\/desarrollo.grupomedios.com\/futbol\/wp-json\/wp\/v2\/users\/144"}],"replies":[{"embeddable":true,"href":"http:\/\/desarrollo.grupomedios.com\/futbol\/wp-json\/wp\/v2\/comments?post=433706"}],"version-history":[{"count":0,"href":"http:\/\/desarrollo.grupomedios.com\/futbol\/wp-json\/wp\/v2\/posts\/433706\/revisions"}],"wp:featuredmedia":[{"embeddable":true,"href":"http:\/\/desarrollo.grupomedios.com\/futbol\/wp-json\/wp\/v2\/media\/433722"}],"wp:attachment":[{"href":"http:\/\/desarrollo.grupomedios.com\/futbol\/wp-json\/wp\/v2\/media?parent=433706"}],"wp:term":[{"taxonomy":"category","embeddable":true,"href":"http:\/\/desarrollo.grupomedios.com\/futbol\/wp-json\/wp\/v2\/categories?post=433706"},{"taxonomy":"post_tag","embeddable":true,"href":"http:\/\/desarrollo.grupomedios.com\/futbol\/wp-json\/wp\/v2\/tags?post=433706"}],"curies":[{"name":"wp","href":"https:\/\/api.w.org\/{rel}","templated":true}]}}