{"id":433766,"date":"2016-10-04T19:35:33","date_gmt":"2016-10-05T00:35:33","guid":{"rendered":"https:\/\/www.futboltotal.com.mx\/?p=433766"},"modified":"2016-10-04T20:24:04","modified_gmt":"2016-10-05T01:24:04","slug":"carlos-vela-sera-papa","status":"publish","type":"post","link":"http:\/\/desarrollo.grupomedios.com\/futbol\/futbol-internacional\/carlos-vela-sera-papa\/2016\/10","title":{"rendered":"\u00a1Carlos enciende una nueva Vela!"},"content":{"rendered":"<p><strong>Carlos Vela<\/strong>\u00a0sigue en el camino para recobrar su mejor versi\u00f3n con la Real Sociedad y comienza a dar prueba de ello tanto dentro como fuera de la cancha.<\/p>\n<p>Despu\u00e9s de volver a la titularidad y regresar a la senda del gol el pasado fin de semana, el mexicano habl\u00f3 este martes y revel\u00f3 que est\u00e1 en&#8221;un estado de forma muy positivo&#8221; por una raz\u00f3n muy especial.<\/p>\n<blockquote><p>\u201cMe siento muy ilusionado por c\u00f3mo hemos jugado, hemos sacado resultados positivos y eso nos inyecta la confianza necesaria para dar lo m\u00e1ximo\u201d, declar\u00f3 el <em>Bombardero<\/em> durante un evento organizado en las instalaciones del club donostiarra.<\/p><\/blockquote>\n<p style=\"text-align: center;\"><span style=\"color: #3366ff;\"><strong>LEER M\u00c1S: Todas las noticias de mexicanos en Europa<\/strong><\/span><\/p>\n<p><iframe loading=\"lazy\" src=\"https:\/\/www.youtube.com\/embed\/ZGk_VHFbMFU\" frameborder=\"0\" allowfullscreen=\"allowfullscreen\"><\/iframe><\/p>\n<blockquote><p>&#8220;En este momento estoy en un estado de forma, no solo en lo deportivo, sino en general, muy positivo, muy contento y eso se refleja; quiero mantener la l\u00ednea que he llevado en los \u00faltimos partidos y mejorarla&#8221;, abund\u00f3 el mexicano.<\/p><\/blockquote>\n<p>El repunte de Vela no es casualidad. Y es que hace unos d\u00edas el mexicano\u00a0public\u00f3 una enigm\u00e1tica fotograf\u00eda en redes sociales, en la que chupa el pulgar de la mano izquierda y en la cual refleja su alegr\u00eda porque pronto se\u00a0convertir\u00e1 en padre; sin duda una motivaci\u00f3n extra para volver a ser el de siempre: goleador y estandarte de la Real Sociedad.<\/p>\n<blockquote class=\"instagram-media\" style=\"background: #FFF; border: 0; border-radius: 3px; box-shadow: 0 0 1px 0 rgba(0,0,0,0.5),0 1px 10px 0 rgba(0,0,0,0.15); margin: 1px; max-width: 658px; padding: 0; width: calc(100% - 2px);\" data-instgrm-captioned=\"\" data-instgrm-version=\"7\">\n<div style=\"padding: 8px;\">\n<div style=\"background: #F8F8F8; line-height: 0; margin-top: 40px; padding: 50.0% 0; text-align: center; width: 100%;\"><\/div>\n<p style=\"color: #c9c8cd; font-family: Arial,sans-serif; font-size: 14px; line-height: 17px; margin-bottom: 0; margin-top: 8px; overflow: hidden; padding: 8px 0 7px; text-align: center; text-overflow: ellipsis; white-space: nowrap;\">A photo posted by Carlos Vela (@carlosv11_) on <time style=\"font-family: Arial,sans-serif; font-size: 14px; line-height: 17px;\" datetime=\"2016-10-01T17:23:36+00:00\">Oct 1, 2016 at 10:23am PDT<\/time><\/p>\n<\/div>\n<\/blockquote>\n<p><script async defer src=\"\/\/platform.instagram.com\/en_US\/embeds.js\"><\/script><\/p>\n<p>Tras el receso por Fecha FIFA, la <strong>Real Sociedad<\/strong> tendr\u00e1 el Derbi Vasco ante el Athletic de Bilbao correspondiente a la fecha ocho de la Liga Santander, y el equipo del nacido en Canc\u00fan, quien busca regresar a su mejor nivel, saldr\u00e1 en pos de la victoria en calidad de visitante.<\/p>\n<blockquote><p>\u201cMis compa\u00f1eros han tenido dedicaci\u00f3n y esfuerzo y eso fue la clave para levantarnos y sacar puntos en partidos importantes. En el pr\u00f3ximo partido hay que darle una alegr\u00eda a nuestra gente\u201d acot\u00f3.<\/p><\/blockquote>\n","protected":false},"excerpt":{"rendered":"<p>As\u00ed habl\u00f3 el delantero mexicano, pr\u00f3ximo a convertirse en padre<\/p>\n","protected":false},"author":20,"featured_media":433785,"comment_status":"closed","ping_status":"closed","sticky":false,"template":"","format":"standard","meta":[],"categories":[3839,3844,6718],"tags":[6048],"_links":{"self":[{"href":"http:\/\/desarrollo.grupomedios.com\/futbol\/wp-json\/wp\/v2\/posts\/433766"}],"collection":[{"href":"http:\/\/desarrollo.grupomedios.com\/futbol\/wp-json\/wp\/v2\/posts"}],"about":[{"href":"http:\/\/desarrollo.grupomedios.com\/futbol\/wp-json\/wp\/v2\/types\/post"}],"author":[{"embeddable":true,"href":"http:\/\/desarrollo.grupomedios.com\/futbol\/wp-json\/wp\/v2\/users\/20"}],"replies":[{"embeddable":true,"href":"http:\/\/desarrollo.grupomedios.com\/futbol\/wp-json\/wp\/v2\/comments?post=433766"}],"version-history":[{"count":0,"href":"http:\/\/desarrollo.grupomedios.com\/futbol\/wp-json\/wp\/v2\/posts\/433766\/revisions"}],"wp:featuredmedia":[{"embeddable":true,"href":"http:\/\/desarrollo.grupomedios.com\/futbol\/wp-json\/wp\/v2\/media\/433785"}],"wp:attachment":[{"href":"http:\/\/desarrollo.grupomedios.com\/futbol\/wp-json\/wp\/v2\/media?parent=433766"}],"wp:term":[{"taxonomy":"category","embeddable":true,"href":"http:\/\/desarrollo.grupomedios.com\/futbol\/wp-json\/wp\/v2\/categories?post=433766"},{"taxonomy":"post_tag","embeddable":true,"href":"http:\/\/desarrollo.grupomedios.com\/futbol\/wp-json\/wp\/v2\/tags?post=433766"}],"curies":[{"name":"wp","href":"https:\/\/api.w.org\/{rel}","templated":true}]}}