{"id":433929,"date":"2016-10-05T17:03:35","date_gmt":"2016-10-05T22:03:35","guid":{"rendered":"https:\/\/www.futboltotal.com.mx\/?p=433929"},"modified":"2016-10-05T17:03:35","modified_gmt":"2016-10-05T22:03:35","slug":"darwin-quintero-entrena-al-parejo-en-america","status":"publish","type":"post","link":"http:\/\/desarrollo.grupomedios.com\/futbol\/futbol-mexicano\/darwin-quintero-entrena-al-parejo-en-america\/2016\/10","title":{"rendered":"Darwin Quintero ya entrena al parejo"},"content":{"rendered":"<p>La salud de <strong>Darwin Quintero<\/strong> cada vez est\u00e1 mejor, para muestra el entrenamiento que realiz\u00f3 al parejo de sus compa\u00f1eros en <a href=\"http:\/\/futboltotal.com.mx\/equipos\/america\/\" target=\"_blank\"><strong>Am\u00e9rica<\/strong><\/a>.<\/p>\n<p>En semanas anteriores se le detect\u00f3 al colombiano una tromboflebitis en la pierna derecha, enfermedad que lo margin\u00f3 del futbol, sin embargo, el jugador podr\u00e1 ver su regreso a las canchas en las siguientes fechas, toda vez que se confirme estar en \u00f3ptimas condiciones.<\/p>\n<blockquote class=\"twitter-tweet\" data-lang=\"es\">\n<p dir=\"ltr\" lang=\"es\">Con tu entrega y dedicaci\u00f3n pronto estar\u00e1s de regreso en las canchas <a href=\"https:\/\/twitter.com\/darwinJR3\">@darwinJR3<\/a>. <a href=\"https:\/\/t.co\/ntNNYz8ZtY\">pic.twitter.com\/ntNNYz8ZtY<\/a><\/p>\n<p>\u2014 Club Am\u00e9rica (@ClubAmerica) <a href=\"https:\/\/twitter.com\/ClubAmerica\/status\/783716212437942272\">5 de octubre de 2016<\/a><\/p><\/blockquote>\n<p><script async src=\"\/\/platform.twitter.com\/widgets.js\" charset=\"utf-8\"><\/script><\/p>\n","protected":false},"excerpt":{"rendered":"<p>El colombiano se muestra cada vez mejor<\/p>\n","protected":false},"author":20,"featured_media":433930,"comment_status":"closed","ping_status":"closed","sticky":false,"template":"","format":"standard","meta":[],"categories":[2198,3845],"tags":[],"_links":{"self":[{"href":"http:\/\/desarrollo.grupomedios.com\/futbol\/wp-json\/wp\/v2\/posts\/433929"}],"collection":[{"href":"http:\/\/desarrollo.grupomedios.com\/futbol\/wp-json\/wp\/v2\/posts"}],"about":[{"href":"http:\/\/desarrollo.grupomedios.com\/futbol\/wp-json\/wp\/v2\/types\/post"}],"author":[{"embeddable":true,"href":"http:\/\/desarrollo.grupomedios.com\/futbol\/wp-json\/wp\/v2\/users\/20"}],"replies":[{"embeddable":true,"href":"http:\/\/desarrollo.grupomedios.com\/futbol\/wp-json\/wp\/v2\/comments?post=433929"}],"version-history":[{"count":0,"href":"http:\/\/desarrollo.grupomedios.com\/futbol\/wp-json\/wp\/v2\/posts\/433929\/revisions"}],"wp:featuredmedia":[{"embeddable":true,"href":"http:\/\/desarrollo.grupomedios.com\/futbol\/wp-json\/wp\/v2\/media\/433930"}],"wp:attachment":[{"href":"http:\/\/desarrollo.grupomedios.com\/futbol\/wp-json\/wp\/v2\/media?parent=433929"}],"wp:term":[{"taxonomy":"category","embeddable":true,"href":"http:\/\/desarrollo.grupomedios.com\/futbol\/wp-json\/wp\/v2\/categories?post=433929"},{"taxonomy":"post_tag","embeddable":true,"href":"http:\/\/desarrollo.grupomedios.com\/futbol\/wp-json\/wp\/v2\/tags?post=433929"}],"curies":[{"name":"wp","href":"https:\/\/api.w.org\/{rel}","templated":true}]}}