{"id":433974,"date":"2016-10-05T17:00:07","date_gmt":"2016-10-05T22:00:07","guid":{"rendered":"https:\/\/www.futboltotal.com.mx\/?p=433974"},"modified":"2016-10-06T10:19:59","modified_gmt":"2016-10-06T15:19:59","slug":"clubes-tendrian-mandar-a-la-sub-20-a-libertadores","status":"publish","type":"post","link":"http:\/\/desarrollo.grupomedios.com\/futbol\/futbol-mexicano\/clubes-tendrian-mandar-a-la-sub-20-a-libertadores\/2016\/10","title":{"rendered":"Clubes tendr\u00edan que mandar a la Sub-20 a Libertadores"},"content":{"rendered":"<p>Despu\u00e9s de que se diera a conocer el <span style=\"text-decoration: underline;\"><a href=\"https:\/\/www.futboltotal.com.mx\/2016\/10\/afectaria-la-libertadores-a-mexico\/\" target=\"_blank\">nuevo formato de la <strong>Copa Libertadores<\/strong><\/a><\/span>, la participaci\u00f3n de los equipos mexicanos se puso en duda, pues las fechas no cuadran con el futbol mexicano; ante este panorama, el presidente de la <strong>Liga MX<\/strong>, <strong>Enrique Bonilla<\/strong>, advirti\u00f3 que los clubes podr\u00edan llegar al grado de tener que recurrir a la Sub-20 para poder disputar el certamen continental.<\/p>\n<p>&#8220;Hay momento en el que los calendarios se cruzan y donde ser\u00eda pr\u00e1cticamente imposible que particip\u00e1ramos, por ejemplo, pod\u00edamos empezar con dos equipos de la Liga, el uno y el dos, que iniciaran el primer semestre y que esos fueran Campe\u00f3n y Subcampe\u00f3n en Concacaf, entonces en el segundo semestre ya no podr\u00edan participar en la <strong>Libertadores<\/strong>, tendr\u00edan que participar en Concacaf y entonces estos equipo tendr\u00edan que contratar m\u00e1s jugadores y armar un segundo equipo, mandar a la Sub-20 o de plano no participar&#8221;, advirti\u00f3 el dirigente en entrevista con <em>Fox Sports<\/em>.<\/p>\n<blockquote class=\"twitter-tweet\" data-lang=\"es\">\n<p dir=\"ltr\" lang=\"es\">El Chivo C\u00f3rdova, uno de los estadios m\u00e1s originales. Casa de <a href=\"https:\/\/twitter.com\/PotrosUAEMexFC\">@PotrosUAEMexFC<\/a> y <a href=\"https:\/\/twitter.com\/TolucaFC\">@TolucaFC<\/a> VIDEO completo ac\u00e1 <a href=\"https:\/\/t.co\/coAFKJYeyu\">https:\/\/t.co\/coAFKJYeyu<\/a> <a href=\"https:\/\/t.co\/Mr1T5mINDr\">pic.twitter.com\/Mr1T5mINDr<\/a><\/p>\n<p>\u2014 LIGA Bancomer MX (@LIGABancomerMX) <a href=\"https:\/\/twitter.com\/LIGABancomerMX\/status\/783762253640114176\">5 de octubre de 2016<\/a><\/p><\/blockquote>\n<p><script async src=\"\/\/platform.twitter.com\/widgets.js\" charset=\"utf-8\"><\/script><\/p>\n<p>En ese sentido, <strong>Bonilla<\/strong> subray\u00f3 que los conjuntos nacionales quieren participar en la justa, siempre y cuando no afecte el calendario que se tiene predeterminado.<\/p>\n","protected":false},"excerpt":{"rendered":"<p>Enrique Bonilla, advirti\u00f3 los problemas que se pueden dar<\/p>\n","protected":false},"author":20,"featured_media":433975,"comment_status":"closed","ping_status":"closed","sticky":false,"template":"","format":"standard","meta":[],"categories":[3859,3839,2198,3845],"tags":[1396,64],"_links":{"self":[{"href":"http:\/\/desarrollo.grupomedios.com\/futbol\/wp-json\/wp\/v2\/posts\/433974"}],"collection":[{"href":"http:\/\/desarrollo.grupomedios.com\/futbol\/wp-json\/wp\/v2\/posts"}],"about":[{"href":"http:\/\/desarrollo.grupomedios.com\/futbol\/wp-json\/wp\/v2\/types\/post"}],"author":[{"embeddable":true,"href":"http:\/\/desarrollo.grupomedios.com\/futbol\/wp-json\/wp\/v2\/users\/20"}],"replies":[{"embeddable":true,"href":"http:\/\/desarrollo.grupomedios.com\/futbol\/wp-json\/wp\/v2\/comments?post=433974"}],"version-history":[{"count":0,"href":"http:\/\/desarrollo.grupomedios.com\/futbol\/wp-json\/wp\/v2\/posts\/433974\/revisions"}],"wp:featuredmedia":[{"embeddable":true,"href":"http:\/\/desarrollo.grupomedios.com\/futbol\/wp-json\/wp\/v2\/media\/433975"}],"wp:attachment":[{"href":"http:\/\/desarrollo.grupomedios.com\/futbol\/wp-json\/wp\/v2\/media?parent=433974"}],"wp:term":[{"taxonomy":"category","embeddable":true,"href":"http:\/\/desarrollo.grupomedios.com\/futbol\/wp-json\/wp\/v2\/categories?post=433974"},{"taxonomy":"post_tag","embeddable":true,"href":"http:\/\/desarrollo.grupomedios.com\/futbol\/wp-json\/wp\/v2\/tags?post=433974"}],"curies":[{"name":"wp","href":"https:\/\/api.w.org\/{rel}","templated":true}]}}