{"id":433998,"date":"2016-10-07T20:15:42","date_gmt":"2016-10-08T01:15:42","guid":{"rendered":"https:\/\/www.futboltotal.com.mx\/?p=433998"},"modified":"2016-10-07T22:24:30","modified_gmt":"2016-10-08T03:24:30","slug":"en-vivo-necaxa-vs-new-york-city-amistoso","status":"publish","type":"post","link":"http:\/\/desarrollo.grupomedios.com\/futbol\/futbol-mexicano\/en-vivo-necaxa-vs-new-york-city-amistoso\/2016\/10","title":{"rendered":"AS\u00cd SE VIVI\u00d3 | Necaxa 2-1 New York City | Amistoso"},"content":{"rendered":"<p><span style=\"color: #ff0000;\">92:00<\/span> | Se acaba el partido.<\/p>\n<p><span style=\"color: #ff0000;\">90:00<\/span> | Se agregan dos minutos.<\/p>\n<p><span style=\"color: #ff0000;\">83:00<\/span> | \u00a1Gooooooooool del New York! Parker que acababa de entrar, le mete emoci\u00f3n al encuentro.<\/p>\n<blockquote class=\"twitter-tweet\" data-lang=\"es\">\n<p dir=\"ltr\" lang=\"es\">Con este gol Parker acorta las distancias. <a href=\"https:\/\/twitter.com\/ClubNecaxa\">@ClubNecaxa<\/a> vence 2-1 al <a href=\"https:\/\/twitter.com\/NYCFC\">@NYCFC<\/a><\/p>\n<p>En vivo por <a href=\"https:\/\/twitter.com\/hashtag\/TDN?src=hash\">#TDN<\/a> <a href=\"https:\/\/t.co\/ZzxpYWnLmy\">https:\/\/t.co\/ZzxpYWnLmy<\/a> <a href=\"https:\/\/t.co\/qjj744WvB5\">pic.twitter.com\/qjj744WvB5<\/a><\/p>\n<p>\u2014 TDN (@tdn_twit) <a href=\"https:\/\/twitter.com\/tdn_twit\/status\/784593322371379200\">8 de octubre de 2016<\/a><\/p><\/blockquote>\n<p><script async src=\"\/\/platform.twitter.com\/widgets.js\" charset=\"utf-8\"><\/script><\/p>\n<p><span style=\"color: #ff0000;\">80:00<\/span> | \u00a1Goooooooool del Necaxa! Rodrigo Prieto no perdon\u00f3 y sentenci\u00f3 el triunfo.<\/p>\n<blockquote class=\"twitter-tweet\" data-lang=\"es\">\n<p dir=\"ltr\" lang=\"es\">Prieto anota el segundo para el Necaxa.<a href=\"https:\/\/twitter.com\/ClubNecaxa\">@ClubNecaxa<\/a> 2-0 <a href=\"https:\/\/twitter.com\/NYCFC\">@NYCFC<\/a><\/p>\n<p>En vivo por <a href=\"https:\/\/twitter.com\/hashtag\/TDN?src=hash\">#TDN<\/a> <a href=\"https:\/\/t.co\/ZzxpYWnLmy\">https:\/\/t.co\/ZzxpYWnLmy<\/a> <a href=\"https:\/\/t.co\/vpPb6ibWDL\">pic.twitter.com\/vpPb6ibWDL<\/a><\/p>\n<p>\u2014 TDN (@tdn_twit) <a href=\"https:\/\/twitter.com\/tdn_twit\/status\/784592145181179904\">8 de octubre de 2016<\/a><\/p><\/blockquote>\n<p><script async src=\"\/\/platform.twitter.com\/widgets.js\" charset=\"utf-8\"><\/script><\/p>\n<p><span style=\"color: #ff0000;\">75:00<\/span> | Necaxa sigue sin encontrar profundidad al frente.<\/p>\n<p><span style=\"color: #ff0000;\">63:00<\/span> | Oficial, el partido se muri\u00f3 con los cambios. Nadie pasa de medio campo, pues pierden todo.<\/p>\n<p><span style=\"color: #ff0000;\">55:00<\/span> | Con los numerosos cambios que hicieron ambas escuadras, el partido se desplom\u00f3.<\/p>\n<p><span style=\"color: #ff0000;\">49:00<\/span> | Los estadounidenses salieron m\u00e1s agresivo y empujaron atr\u00e1s a los Rayos.<\/p>\n<p><span style=\"color: #ff0000;\">45:00<\/span> | Inicia el segundo tiempo.<\/p>\n<p><span style=\"color: #ff0000;\">45:00<\/span> | Acaba el primer tiempo.<\/p>\n<p><span style=\"color: #ff0000;\">43:00<\/span> | Isisjara es el m\u00e1s peligros, pero ha fallado casi todas, salvo el gol.<\/p>\n<p><span style=\"color: #ff0000;\">40:00<\/span> | El partido se torn\u00f3 en un pelea por el medio campo.<\/p>\n<p><span style=\"color: #ff0000;\">35:00<\/span> | Otro disparo del Necaxa que termina en las manos de\u00a0Johansen.<\/p>\n<p><span style=\"color: #ff0000;\">30:00<\/span> | Por muy amistoso que sea, New York City es un desastre, parece que nunca han jugado juntos.<\/p>\n<p><span style=\"color: #ff0000;\">26:00<\/span> | \u00a1Uy! Mena cometi\u00f3 una falta que parec\u00eda penal, pero el \u00e1rbitro la marc\u00f3 afuera.<\/p>\n<p><span style=\"color: #ff0000;\">24:00<\/span> | \u00a1Gooooooooool del Necaxa! Ahora s\u00ed, Isijara recibi\u00f3 perfecto y resolvi\u00f3 mejor.<\/p>\n<blockquote class=\"twitter-tweet\" data-lang=\"es\">\n<p dir=\"ltr\" lang=\"es\">Necaxa tuvo la primera oportunidad de gol pero no logr\u00f3 abrir el marcador. <a href=\"https:\/\/t.co\/eYzUy5dNxQ\">pic.twitter.com\/eYzUy5dNxQ<\/a><\/p>\n<p>\u2014 La Doce (@LaDoce) <a href=\"https:\/\/twitter.com\/LaDoce\/status\/784569241903194112\">8 de octubre de 2016<\/a><\/p><\/blockquote>\n<p><script async src=\"\/\/platform.twitter.com\/widgets.js\" charset=\"utf-8\"><\/script><\/p>\n<p><span style=\"color: #ff0000;\">20:00<\/span> | Otra vez Isijara dispar\u00f3, pero\u00a0Johansen se qued\u00f3 nuevamente con el esf\u00e9rico.<\/p>\n<p><span style=\"color: #ff0000;\">15:00<\/span>\u00a0| \u00a1Uf! Luna se saboreaba el primero, pero le faltaron cent\u00edmetros para alcanzar la pelota.<\/p>\n<p><span style=\"color: #ff0000;\">11:00<\/span> | Tercer aviso de los Rayos, s\u00f3lo falta punter\u00eda para que se muevan las redes.<\/p>\n<p><span style=\"color: #ff0000;\">07:00<\/span> |\u00a0Johansen se est\u00e1 haciendo la figura, pues nuevamente salv\u00f3 a su equipo&#8230; Necaxa domina el cotejo.<\/p>\n<p><span style=\"color: #ff0000;\">05:00<\/span> | \u00a1Uy! Isijara tuvo la primera, pero se tard\u00f3 en sacar el disparo y se la robaron.<\/p>\n<p><span style=\"color: #ff0000;\">03:00<\/span> | Desde el inicio, los Rayos quieren imponer su estilo.<\/p>\n<p><span style=\"color: #ff0000;\">00:00<\/span> | Arranca el partido.<\/p>\n<p>Alineaci\u00f3n New York: Johansen, Mart\u00ednez, Mena, White, L\u00f3pez, Bravo, Pirlo, Mix, Ballouchy, Shelton y Villa.<\/p>\n<p>Alineaci\u00f3n Necaxa: Yosgarth, Garc\u00eda, Riolfo, Vera, Vela, S\u00e1nchez, D\u00edaz, G\u00f3mez, Salcedo, Luna y Hern\u00e1ndez.<\/p>\n<p>Ya calientan las escuadras.<\/p>\n<blockquote class=\"twitter-tweet\" data-lang=\"es\">\n<p dir=\"ltr\" lang=\"es\">La visita tambi\u00e9n ya calentando en la cancha del Victoria <a href=\"https:\/\/twitter.com\/hashtag\/CopaDeLaAmistad?src=hash\">#CopaDeLaAmistad<\/a> <a href=\"https:\/\/twitter.com\/cavallmx\">@cavallmx<\/a> <a href=\"https:\/\/t.co\/Um0ewSFOTZ\">pic.twitter.com\/Um0ewSFOTZ<\/a><\/p>\n<p>\u2014 Club Necaxa (@ClubNecaxa) <a href=\"https:\/\/twitter.com\/ClubNecaxa\/status\/784561957852614656\">8 de octubre de 2016<\/a><\/p><\/blockquote>\n<p><script async src=\"\/\/platform.twitter.com\/widgets.js\" charset=\"utf-8\"><\/script><\/p>\n<p>Los equipos empiezan a alistarse para el encuentro.<\/p>\n<blockquote class=\"twitter-tweet\" data-lang=\"es\">\n<p dir=\"ltr\" lang=\"es\">\u00a1Vestidor listo! <a href=\"https:\/\/twitter.com\/hashtag\/Necaxa?src=hash\">#Necaxa<\/a> vs <a href=\"https:\/\/twitter.com\/NYCFC\">@NYCFC<\/a> <a href=\"https:\/\/twitter.com\/hashtag\/CopaDeLaAmistad?src=hash\">#CopaDeLaAmistad<\/a> <a href=\"https:\/\/twitter.com\/cavallmx\">@cavallmx<\/a> <a href=\"https:\/\/t.co\/tciwyKJvu5\">pic.twitter.com\/tciwyKJvu5<\/a><\/p>\n<p>\u2014 Club Necaxa (@ClubNecaxa) <a href=\"https:\/\/twitter.com\/ClubNecaxa\/status\/784529357930979328\">7 de octubre de 2016<\/a><\/p><\/blockquote>\n<p><script async src=\"\/\/platform.twitter.com\/widgets.js\" charset=\"utf-8\"><\/script><\/p>\n<p>Bienvenidos al minuto a minuto del Necaxa vs New Yor City.<\/p>\n<p>Este viernes 7 de octubre, el estadio Victoria ser\u00e1 sede del encuentro <strong><a href=\"http:\/\/www.futboltotal.com.mx\/equipos\/necaxa\/\" target=\"_blank\">Necaxa<\/a> vs New York City<\/strong>, donde los<em> Rayos<\/em> se medir\u00e1n ante un cuadro de la MLS con plantilla de experiencia mundialista, al que querr\u00e1n sorprender, con su experiencia hist\u00f3rica ante clubes internacionales.<\/p>\n<p><strong>Necaxa<\/strong> est\u00e1 haciendo un buen torneo en el Apertura 2016, pues moment\u00e1neamente se alejan de la zona baja de los cocientes y hasta se encuentra en zona de liguilla; por eso, para no perder el ritmo, los <em>Rayos<\/em> se miden ante el cuadro de la MLS, que tampoco ha dado un mal torneo en su respectiva liga.<\/p>\n<p>El <strong>New York City<\/strong> se presenta con todas sus piezas, as\u00ed lo afirmaron en redes sociales; es decir, Frank Lampard, Andrea Pirlo y David Villa, podr\u00e1n estar presentes en la cancha. Los dos \u00faltimos no s\u00f3lo jugaron mundiales, si no que lograron ser campeones de una copa del mundo de la FIFA, con su correspondiente selecci\u00f3n; el italiano lo hizo en 2006, y el espa\u00f1ol en 2010.<\/p>\n<p>Por su parte, los <em>Rayos<\/em> no estar\u00e1n del todo completos, pues su figura, Edson Puch se encuentra en proceso de recuperaci\u00f3n, por una lesi\u00f3n que sufri\u00f3 en el encuentro ante Toluca, adem\u00e1s, saldr\u00e1 del pa\u00eds para jugar el segundo encuentro de su selecci\u00f3n, en la reciente fecha FIFA; tambi\u00e9n Brayan Beckeles fue convocado con el combinado catracho.<\/p>\n<p><strong>Necaxa vs New York City<\/strong>, \u00bfqui\u00e9n ganar\u00e1 este encuentro, <em>cracks<\/em>?<\/p>\n","protected":false},"excerpt":{"rendered":"<p>Los Rayos quieren sorprendieron a las figuras internacionales<\/p>\n","protected":false},"author":20,"featured_media":434368,"comment_status":"closed","ping_status":"closed","sticky":false,"template":"","format":"standard","meta":[],"categories":[3839,2198],"tags":[261],"_links":{"self":[{"href":"http:\/\/desarrollo.grupomedios.com\/futbol\/wp-json\/wp\/v2\/posts\/433998"}],"collection":[{"href":"http:\/\/desarrollo.grupomedios.com\/futbol\/wp-json\/wp\/v2\/posts"}],"about":[{"href":"http:\/\/desarrollo.grupomedios.com\/futbol\/wp-json\/wp\/v2\/types\/post"}],"author":[{"embeddable":true,"href":"http:\/\/desarrollo.grupomedios.com\/futbol\/wp-json\/wp\/v2\/users\/20"}],"replies":[{"embeddable":true,"href":"http:\/\/desarrollo.grupomedios.com\/futbol\/wp-json\/wp\/v2\/comments?post=433998"}],"version-history":[{"count":0,"href":"http:\/\/desarrollo.grupomedios.com\/futbol\/wp-json\/wp\/v2\/posts\/433998\/revisions"}],"wp:featuredmedia":[{"embeddable":true,"href":"http:\/\/desarrollo.grupomedios.com\/futbol\/wp-json\/wp\/v2\/media\/434368"}],"wp:attachment":[{"href":"http:\/\/desarrollo.grupomedios.com\/futbol\/wp-json\/wp\/v2\/media?parent=433998"}],"wp:term":[{"taxonomy":"category","embeddable":true,"href":"http:\/\/desarrollo.grupomedios.com\/futbol\/wp-json\/wp\/v2\/categories?post=433998"},{"taxonomy":"post_tag","embeddable":true,"href":"http:\/\/desarrollo.grupomedios.com\/futbol\/wp-json\/wp\/v2\/tags?post=433998"}],"curies":[{"name":"wp","href":"https:\/\/api.w.org\/{rel}","templated":true}]}}