{"id":434006,"date":"2016-10-06T13:48:25","date_gmt":"2016-10-06T18:48:25","guid":{"rendered":"https:\/\/www.futboltotal.com.mx\/?p=434006"},"modified":"2016-10-06T15:45:03","modified_gmt":"2016-10-06T20:45:03","slug":"en-vivo-italia-vs-espana-fecha-fifa","status":"publish","type":"post","link":"http:\/\/desarrollo.grupomedios.com\/futbol\/uncategorized\/en-vivo-italia-vs-espana-fecha-fifa\/2016\/10","title":{"rendered":"AS\u00cd SE VIVI\u00d3 | Italia 1-1 Espa\u00f1a | Eliminatoria UEFA"},"content":{"rendered":"<p><a class=\"twitter-timeline\" href=\"https:\/\/twitter.com\/SeFutbol\">Tweets by SeFutbol<\/a> <script async src=\"\/\/platform.twitter.com\/widgets.js\" charset=\"utf-8\"><\/script><\/p>\n<p>Italia y Espa\u00f1a protagonizan este jueves en Tur\u00edn un duelo convertido en cl\u00e1sico europeo, con recientes triunfos de la Roja en su etapa de gloria, que veng\u00f3 la &#8216;azzurra&#8217; en la Eurocopa 2016, en un nuevo cap\u00edtulo con el liderato de grupo en juego y la exigencia de un \u00fanico pase a la gran cita de Rusia.<\/p>\n<p>Tres meses despu\u00e9s \u00a0de haber topado en la Eurocopa 2016 se reencuentran dos equipos que han cambiado su cara. Nuevos seleccionadores, relevos generaciones, futbolistas que renuevan plantillas pero mantienen la misma esencia de sus combinados. Espa\u00f1a sigue apostando por su estilo del \u00e9xito y espera una Italia calcada a la que tanto le hizo sufrir en Par\u00eds.<\/p>\n<p style=\"text-align: center;\"><span style=\"color: #3366ff;\"><strong>LEER M\u00c1S: Todas las noticias de futbol internacional\u00a0<\/strong><\/span><\/p>\n<p>Lopetegui tiene la alineaci\u00f3n definida.\u00a0Con la porter\u00eda entregada desde el inicio a David De Gea, la defensa ser\u00e1 con Dani Carvajal al lateral derecho junto a los insustituibles Sergio Ramos, Gerard Piqu\u00e9 y Jordi Alba. Delante de ellos estar\u00e1n\u00a0Koke Resurrecci\u00f3n y Sergio Busquets.<\/p>\n<p>En tanto, la l\u00ednea de tres que debe generar el peligro la formar\u00e1 un Andr\u00e9s Iniesta que regresa con el indiscutible papel de gran referente m\u00e1s Vitolo y David Silva. Y en la delantera estar\u00e1 Diego Costa.<\/p>\n<p><strong><span style=\"color: #800000;\">Italia un hierro y gran examen<\/span><\/strong><\/p>\n<p>La dureza de Italia lo muestra su racha de r\u00e9cord de 51 partidos de clasificaci\u00f3n para una gran fase final sin perder. Recibir\u00e1 en la segunda jornada del grupo G a Espa\u00f1a con el objetivo de confirmar el triunfo logrado en junio en la Eurocopa ante un equipo que considera como uno de los mejores del mundo.<\/p>\n<p>El nuevo seleccionado italiano, Giampiero Ventura, no podr\u00e1 contar en el Juventus Stadium con el defensa Giorgio Chiellini, expulsado en el \u00faltimo duelo. Pero seguir\u00e1 apostando por un 3-5-2 basado en la solidez defensiva y en la densidad en el centro del campo.<\/p>\n<p>As\u00ed, por delante del arquero y capit\u00e1n Gianluigi Buffon, que llegar\u00e1 a los 164 partidos con la <em>Azzurra<\/em>, Italia deber\u00eda salir con Andrea Barzagli y Leonardo Bonucci al lado de Astori.<\/p>\n<p>En el centro del campo estar\u00e1n Giacomo Bonaventura, acompa\u00f1ado por Daniele De Rossi y Marco Parolo. Aunque el medio del PSG Marco Verratti, podr\u00eda ir de arranque tambi\u00e9n.<\/p>\n<p>En los dos carriles actuar\u00e1n Mattia De Sciglio y uno entre Antonio Candreva y Alessandro Florenzi, con favoritismo para el primero. Y los dos delanteros ser\u00e1n los mismos a los que se enfrent\u00f3 Espa\u00f1a en la \u00faltima Eurocopa, Graziano Pell\u00e9 y el \u00edtalo brasile\u00f1o Eder, que tanto da\u00f1o hicieron.<\/p>\n<p>&nbsp;<\/p>\n","protected":false},"excerpt":{"rendered":"<p>Sigue todas las acciones del partidazo de eliminatorias UEFA en punto de las 13:45 horas<\/p>\n","protected":false},"author":20,"featured_media":434095,"comment_status":"closed","ping_status":"closed","sticky":false,"template":"","format":"standard","meta":[],"categories":[3839,1],"tags":[253,292],"_links":{"self":[{"href":"http:\/\/desarrollo.grupomedios.com\/futbol\/wp-json\/wp\/v2\/posts\/434006"}],"collection":[{"href":"http:\/\/desarrollo.grupomedios.com\/futbol\/wp-json\/wp\/v2\/posts"}],"about":[{"href":"http:\/\/desarrollo.grupomedios.com\/futbol\/wp-json\/wp\/v2\/types\/post"}],"author":[{"embeddable":true,"href":"http:\/\/desarrollo.grupomedios.com\/futbol\/wp-json\/wp\/v2\/users\/20"}],"replies":[{"embeddable":true,"href":"http:\/\/desarrollo.grupomedios.com\/futbol\/wp-json\/wp\/v2\/comments?post=434006"}],"version-history":[{"count":0,"href":"http:\/\/desarrollo.grupomedios.com\/futbol\/wp-json\/wp\/v2\/posts\/434006\/revisions"}],"wp:featuredmedia":[{"embeddable":true,"href":"http:\/\/desarrollo.grupomedios.com\/futbol\/wp-json\/wp\/v2\/media\/434095"}],"wp:attachment":[{"href":"http:\/\/desarrollo.grupomedios.com\/futbol\/wp-json\/wp\/v2\/media?parent=434006"}],"wp:term":[{"taxonomy":"category","embeddable":true,"href":"http:\/\/desarrollo.grupomedios.com\/futbol\/wp-json\/wp\/v2\/categories?post=434006"},{"taxonomy":"post_tag","embeddable":true,"href":"http:\/\/desarrollo.grupomedios.com\/futbol\/wp-json\/wp\/v2\/tags?post=434006"}],"curies":[{"name":"wp","href":"https:\/\/api.w.org\/{rel}","templated":true}]}}