{"id":434045,"date":"2016-10-06T13:12:24","date_gmt":"2016-10-06T18:12:24","guid":{"rendered":"https:\/\/www.futboltotal.com.mx\/?p=434045"},"modified":"2016-10-06T13:13:53","modified_gmt":"2016-10-06T18:13:53","slug":"gigi-hadid-la-nueva-cara-reebok","status":"publish","type":"post","link":"http:\/\/desarrollo.grupomedios.com\/futbol\/no-todo-es-futbol\/gigi-hadid-la-nueva-cara-reebok\/2016\/10","title":{"rendered":"Gigi Hadid, la nueva cara de Reebok"},"content":{"rendered":"<p>La <strong>perfecci\u00f3n<\/strong> es una utop\u00eda que puede obsesionar a algunas personas de una manera casi incre\u00edble, orill\u00e1ndolas a la no aceptaci\u00f3n y a vivir una vida vac\u00eda, carente de significado. Por ello, <a href=\"http:\/\/www.reebok.mx\/\">Reebok<\/a> decidi\u00f3 lanzar su campa\u00f1a <strong>#PerfectNever<\/strong>, destacando la belleza de la imperfecci\u00f3n.<\/p>\n<p>Su primera cara para esta campa\u00f1a fue la estrella de UFC <strong>Ronda Rousey<\/strong>, todo un ejemplo de mujer exitosa.<\/p>\n<p>Y ahora toca el turno a <strong>Gigi Hadid<\/strong>, \u00edcono de estilo, fiel defensora del\u00a0fitness\u00a0y pionera en tendencias, de hacer un llamado poderoso e inspirador que insta a mujeres de todo el mundo a luchar por el mensaje intr\u00ednseco de auto superaci\u00f3n de <strong>Reebok<\/strong>.<\/p>\n<p>&nbsp;<\/p>\n<blockquote class=\"twitter-tweet\" data-lang=\"en\">\n<p dir=\"ltr\" lang=\"en\">&#8220;Perfect&#8221; never exceeds expectation. Honored to join <a href=\"https:\/\/twitter.com\/ReebokWomen\">@reebokwomen<\/a> in the <a href=\"https:\/\/twitter.com\/hashtag\/PerfectNever?src=hash\">#PerfectNever<\/a> campaign. <a href=\"https:\/\/twitter.com\/hashtag\/BeMoreHuman?src=hash\">#BeMoreHuman<\/a> <a href=\"https:\/\/twitter.com\/hashtag\/TeamReebok?src=hash\">#TeamReebok<\/a> <a href=\"https:\/\/twitter.com\/Reebok\">@reebok<\/a> <a href=\"https:\/\/t.co\/cUWiFIxDGq\">pic.twitter.com\/cUWiFIxDGq<\/a><\/p>\n<p>\u2014 Gigi Hadid (@GiGiHadid) <a href=\"https:\/\/twitter.com\/GiGiHadid\/status\/783315575854473217\">October 4, 2016<\/a><\/p><\/blockquote>\n<p><script async src=\"\/\/platform.twitter.com\/widgets.js\" charset=\"utf-8\"><\/script><\/p>\n<p>En su calidad de modelo internacional, <strong>Hadid<\/strong> no es ajena a las presiones y expectativas de perfecci\u00f3n impuestas a las mujeres, pues ha vivido bajo el constante escrutinio de cr\u00edticos de todo el mundo.\u00a0 Pero es a trav\u00e9s del deporte que Hadid ha encontrado paz mental.<\/p>\n<p><iframe loading=\"lazy\" src=\"https:\/\/www.youtube.com\/embed\/K7cCobtTLlo\" frameborder=\"0\" allowfullscreen=\"allowfullscreen\"><\/iframe><\/p>\n<p>&nbsp;<\/p>\n<blockquote><p>&#8220;En mis d\u00edas de atleta competitiva, me enfocaba tanto en ser perfecta que mis entrenadores decid\u00edan retirarme de las competencias.\u00a0 Me enfocaba en mis errores, lo que en realidad me tra\u00eda m\u00e1s tropiezos: era un efecto domin\u00f3. Hasta que aprend\u00ed a cambiar de canal, a reenfocarme, a reajustar mis metas. Entonces, mis errores y defectos se convirtieron en mi principal fuente de inspiraci\u00f3n&#8221;<br \/>\n<strong>Gigi Hadid<\/strong><\/p><\/blockquote>\n<p>Elogiando la influencia que tiene <strong>Gigi<\/strong> en las mujeres y en la moda femenina en particular, <strong>Corinna Werkle<\/strong>, Gerente General de la Unidad de Negocios de Training de <strong>Reebok<\/strong> asegura: &#8220;Gigi est\u00e1 imponiendo los est\u00e1ndares del estilo moderno en todo el mundo; su habilidad para fusionar moda y\u00a0fitness\u00a0inspira al p\u00fablico a nivel global. Es un \u00edcono de la moda que siempre busca superar sus l\u00edmites, pues no le teme a correr riesgos y a ser diferente&#8221;.<\/p>\n<p><a href=\"https:\/\/www.futboltotal.com.mx\/wp-content\/uploads\/2016\/10\/Gigi_Hadid_2.jpg\"><img decoding=\"async\" loading=\"lazy\" class=\"alignnone size-full wp-image-434059\" src=\"https:\/\/www.futboltotal.com.mx\/wp-content\/uploads\/2016\/10\/Gigi_Hadid_2.jpg\" alt=\"gigi_hadid_2\" srcset=\"http:\/\/desarrollo.grupomedios.com\/futbol\/wp-content\/uploads\/2016\/10\/Gigi_Hadid_2.jpg 858w, http:\/\/desarrollo.grupomedios.com\/futbol\/wp-content\/uploads\/2016\/10\/Gigi_Hadid_2-300x151.jpg 300w, http:\/\/desarrollo.grupomedios.com\/futbol\/wp-content\/uploads\/2016\/10\/Gigi_Hadid_2-768x386.jpg 768w, http:\/\/desarrollo.grupomedios.com\/futbol\/wp-content\/uploads\/2016\/10\/Gigi_Hadid_2-340x171.jpg 340w\" sizes=\"(max-width: 858px) 100vw, 858px\" \/><\/a><\/p>\n<p>La asociaci\u00f3n de Reebok con <strong>Hadid<\/strong> marca la segunda fase del cap\u00edtulo #PerfectNever. Este movimiento debut\u00f3 en julio del 2016 con un poderoso video de campa\u00f1a protagonizado por la atleta <strong>Ronda Rousey<\/strong>. El emotivo video mostraba a una Rousey aut\u00e9ntica y natural destruyendo las ilusiones de la perfecci\u00f3n y empoderando a las mujeres a convertirse en la mejor versi\u00f3n de s\u00ed mismas, aceptando sus imperfecciones y aprendiendo de ellas. <strong>Gigi y Reebok<\/strong> trabajar\u00e1n juntos a partir de 2016 para difundir y defender este mensaje.<\/p>\n","protected":false},"excerpt":{"rendered":"<p>Exaltar la imperfecci\u00f3n para la autoaceptaci\u00f3n es la apuesta de la marca deportiva.<\/p>\n","protected":false},"author":20,"featured_media":434060,"comment_status":"closed","ping_status":"closed","sticky":false,"template":"","format":"standard","meta":[],"categories":[5419,5418],"tags":[7463,6935],"_links":{"self":[{"href":"http:\/\/desarrollo.grupomedios.com\/futbol\/wp-json\/wp\/v2\/posts\/434045"}],"collection":[{"href":"http:\/\/desarrollo.grupomedios.com\/futbol\/wp-json\/wp\/v2\/posts"}],"about":[{"href":"http:\/\/desarrollo.grupomedios.com\/futbol\/wp-json\/wp\/v2\/types\/post"}],"author":[{"embeddable":true,"href":"http:\/\/desarrollo.grupomedios.com\/futbol\/wp-json\/wp\/v2\/users\/20"}],"replies":[{"embeddable":true,"href":"http:\/\/desarrollo.grupomedios.com\/futbol\/wp-json\/wp\/v2\/comments?post=434045"}],"version-history":[{"count":0,"href":"http:\/\/desarrollo.grupomedios.com\/futbol\/wp-json\/wp\/v2\/posts\/434045\/revisions"}],"wp:featuredmedia":[{"embeddable":true,"href":"http:\/\/desarrollo.grupomedios.com\/futbol\/wp-json\/wp\/v2\/media\/434060"}],"wp:attachment":[{"href":"http:\/\/desarrollo.grupomedios.com\/futbol\/wp-json\/wp\/v2\/media?parent=434045"}],"wp:term":[{"taxonomy":"category","embeddable":true,"href":"http:\/\/desarrollo.grupomedios.com\/futbol\/wp-json\/wp\/v2\/categories?post=434045"},{"taxonomy":"post_tag","embeddable":true,"href":"http:\/\/desarrollo.grupomedios.com\/futbol\/wp-json\/wp\/v2\/tags?post=434045"}],"curies":[{"name":"wp","href":"https:\/\/api.w.org\/{rel}","templated":true}]}}