{"id":434112,"date":"2016-10-07T03:01:59","date_gmt":"2016-10-07T08:01:59","guid":{"rendered":"https:\/\/www.futboltotal.com.mx\/?p=434112"},"modified":"2016-10-07T03:01:59","modified_gmt":"2016-10-07T08:01:59","slug":"campeones-del-mundo-han-jugado-en-mexico","status":"publish","type":"post","link":"http:\/\/desarrollo.grupomedios.com\/futbol\/destacado-home\/campeones-del-mundo-han-jugado-en-mexico\/2016\/10","title":{"rendered":"Campeones del Mundo que han jugado en M\u00e9xico"},"content":{"rendered":"<p>El pr\u00f3ximo viernes 7 de octubre, los <a href=\"http:\/\/www.futboltotal.com.mx\/equipos\/necaxa\/\" target=\"_blank\"><strong>Rayos del Necaxa<\/strong><\/a> reciben <a href=\"https:\/\/www.futboltotal.com.mx\/2016\/09\/pirlo-lampard-villa-jugaran-contra-necaxa\/\" target=\"_blank\">al New York City FC,<\/a> equipo de la MLS que no tiene trascendencia hist\u00f3rica en el futbol mundial, pero su plantel s\u00ed, pues entre los jugadores que enfrentar\u00e1n a los <em>hidroc\u00e1lidos<\/em>, se encuentran tres jugadores mundialistas: David Villa, Andrea Pirlo y Frank Lampard; dos de ellos fueron campeones del orbe, por eso presentamos una lista de losjugadores que ganaron el t\u00edtulo del planeta organizado por la FIFA, y luego vinieron a\u00a0 un club de M\u00e9xico.<\/p>\n<p style=\"text-align: center;\"><span style=\"color: #3366ff;\"><a style=\"color: #3366ff;\" href=\"https:\/\/www.futboltotal.com.mx\/2016\/10\/necaxa-mata-gigantes-internacionales\/\" target=\"_blank\"><strong>LEER M\u00c1S: Las haza\u00f1as internacionales del Necaxa<\/strong><\/a><\/span><\/p>\n<p><script type=\"text\/javascript\" src=\"\/\/cdn.playbuzz.com\/widget\/feed.js\"><\/script><\/p>\n<div class=\"pb_feed\" data-embed-by=\"d43f3879-83ed-40bc-99d7-fde80605466f\" data-game=\"\/futboltotal\/campeones-del-mundo-que-han-jugado-en-m-xico\" data-recommend=\"false\" data-game-info=\"false\" data-comments=\"false\"><\/div>\n<p><strong>Vav\u00e1 | Am\u00e9rica<\/strong> | Edvaldo Izidio Neto gan\u00f3 los Mundiales de 1958 y 1962, despu\u00e9s jug\u00f3 en Am\u00e9rica en dos etapas: 1964-65 y 1966-67.<\/p>\n<p><strong>Oreco | Toluca<\/strong> | Despu\u00e9s de ganar el Mundial de Suecia en 1958 con Brasil, el defensa visti\u00f3 la casaca de los <em>Diablos<\/em> entre 1968 y 1969.<\/p>\n<p><strong>Coutinho | Atlas<\/strong> | Ant\u00f4nio Wilson Vieira Hon\u00f3rio fue campe\u00f3n del Mundo en Chile 1962 con Brasil; nueve a\u00f1os despu\u00e9s, se visti\u00f3 de <em>rojinegro<\/em>.<\/p>\n<p>D<strong>id\u00ed | Veracruz<\/strong> | Waldir Pereira es considerado uno de los mejores 20 jugadores del siglo XX; gan\u00f3 dos mundiales con Brasil y luego visti\u00f3 el jersey de los <em>Tiburones Rojos<\/em> para retirarse en 1966.<\/p>\n<p><strong>Mauro Ramos |\u00a0Toluca<\/strong> | Bicampe\u00f3n del mundo con Brasil, el zaguero se convirti\u00f3 en <em>Diablo<\/em> en sus \u00faltimos a\u00f1os de carrera.<\/p>\n<p><strong>Ricardo La Volpe | Atlante\/Oaxtepec<\/strong> | Campe\u00f3n con la Albiceleste en 1978, lleg\u00f3 a M\u00e9xico para jugar con los Potros y el desaparecido Oaxtepec, luego inici\u00f3 una carrera como estratega, que lleva a\u00f1os de tradici\u00f3n&#8230;<\/p>\n<p><strong>Ed\u00fa | Tigres<\/strong> | Jonas Eduardo Am\u00e9rico fue campe\u00f3n del Mundo en M\u00e9xico, en 1970, con la selecci\u00f3n carioca; ochoa a\u00f1os despu\u00e9s se convirti\u00f3 en futbolista de Tigres.<\/p>\n<p><strong>Leopoldo Luque | Tampico<\/strong> | Campe\u00f3n con la Albiceleste en 1978 que despu\u00e9s reforz\u00f3 al Tampico Madero de Tamaulipas, en 1981.<\/p>\n<p><strong>Sergio Almir\u00f3n | Tigres<\/strong> | Se coron\u00f3 junto con Diego Maradona en M\u00e9xico 1986; m\u00e1s tarde milit\u00f3 en Tigres, de 1989 a 1991.<\/p>\n<p><strong>Oscar Ruggeri | Am\u00e9rica<\/strong> | Fue campe\u00f3n del Mundo en 1986, jug\u00f3 para Am\u00e9rica entre 1992 y 1993; tambi\u00e9n ha dirigido en M\u00e9xico, lo hizo para Chivas, Tecos y las \u00c1guilas.<\/p>\n<p><strong>Claudio Borghi | Correcaminos<\/strong> | Despu\u00e9s de ser Campe\u00f3n del Mundo en 1986, el argentino se enfund\u00f3 en la camiseta de los Correcaminos de la UAT, en 1994.<\/p>\n<p><strong>Bebeto |\u00a0Toros Neza<\/strong> | Campe\u00f3n del mundo en Estados Unidos 1994 y cinco a\u00f1os m\u00e1s tarde, se uni\u00f3 a las filas del Toros Neza.<\/p>\n<p><strong>Ronaldinho | Quer\u00e9taro<\/strong> | | <em>Dinho<\/em> fue campe\u00f3n del mundo con Brasil, en el Mundial de Corea y Jap\u00f3n 2002. Pasaron 12 a\u00f1os para que llegara a M\u00e9xico y se convirtiera en Gallo.<\/p>\n","protected":false},"excerpt":{"rendered":"<p>Como jugadores o DT, llegaron a tierras aztecas despu\u00e9s de alcanzar la gloria<\/p>\n","protected":false},"author":20,"featured_media":434190,"comment_status":"closed","ping_status":"closed","sticky":false,"template":"","format":"standard","meta":[],"categories":[3843,5,3839,2198,3845],"tags":[64,6183],"_links":{"self":[{"href":"http:\/\/desarrollo.grupomedios.com\/futbol\/wp-json\/wp\/v2\/posts\/434112"}],"collection":[{"href":"http:\/\/desarrollo.grupomedios.com\/futbol\/wp-json\/wp\/v2\/posts"}],"about":[{"href":"http:\/\/desarrollo.grupomedios.com\/futbol\/wp-json\/wp\/v2\/types\/post"}],"author":[{"embeddable":true,"href":"http:\/\/desarrollo.grupomedios.com\/futbol\/wp-json\/wp\/v2\/users\/20"}],"replies":[{"embeddable":true,"href":"http:\/\/desarrollo.grupomedios.com\/futbol\/wp-json\/wp\/v2\/comments?post=434112"}],"version-history":[{"count":0,"href":"http:\/\/desarrollo.grupomedios.com\/futbol\/wp-json\/wp\/v2\/posts\/434112\/revisions"}],"wp:featuredmedia":[{"embeddable":true,"href":"http:\/\/desarrollo.grupomedios.com\/futbol\/wp-json\/wp\/v2\/media\/434190"}],"wp:attachment":[{"href":"http:\/\/desarrollo.grupomedios.com\/futbol\/wp-json\/wp\/v2\/media?parent=434112"}],"wp:term":[{"taxonomy":"category","embeddable":true,"href":"http:\/\/desarrollo.grupomedios.com\/futbol\/wp-json\/wp\/v2\/categories?post=434112"},{"taxonomy":"post_tag","embeddable":true,"href":"http:\/\/desarrollo.grupomedios.com\/futbol\/wp-json\/wp\/v2\/tags?post=434112"}],"curies":[{"name":"wp","href":"https:\/\/api.w.org\/{rel}","templated":true}]}}