{"id":434238,"date":"2016-10-07T08:30:54","date_gmt":"2016-10-07T13:30:54","guid":{"rendered":"https:\/\/www.futboltotal.com.mx\/?p=434238"},"modified":"2016-10-07T15:34:13","modified_gmt":"2016-10-07T20:34:13","slug":"miguel-layun-destino-en-borussia-dortmund","status":"publish","type":"post","link":"http:\/\/desarrollo.grupomedios.com\/futbol\/destacado-home\/miguel-layun-destino-en-borussia-dortmund\/2016\/10","title":{"rendered":"Miguel Lay\u00fan, \u00bfcon destino en el Borussia Dortmund?"},"content":{"rendered":"<p>Apenas pasaron un par de meses que iniciaron las ligas en el mundo y los rumores ya empiezan a aparecer de cara a los pr\u00f3ximos fichajes en el mes de diciembre.<\/p>\n<p>En las \u00faltimas horas, se ha creado el rumor sobre la llegada de <strong>Miguel Lay\u00fan<\/strong> al <strong>Borussia Dortmund<\/strong> en el mercado de invierno por una cifra de 12 millones de d\u00f3lares.<\/p>\n<p>Los medios mexicanos han tomado la noticia y ahora se ha hecho viral, pues seg\u00fan quien filtr\u00f3 el rumor fue el diario alem\u00e1n <em>Bild<\/em>, aunque parece que no es cierto. Incluso medios portugueses como\u00a0<em>Ojogo\u00a0<\/em>, han citado a los medios mexicanos quien a su vez explican que tomaron el tema de Alemania.<\/p>\n<blockquote class=\"twitter-tweet\" data-lang=\"es\">\n<p dir=\"ltr\" lang=\"es\"><a href=\"https:\/\/twitter.com\/hashtag\/FCPorto?src=hash\">#FCPorto<\/a> Lay\u00fan associado ao Dortmund <a href=\"https:\/\/t.co\/WKOOVjigxS\">https:\/\/t.co\/WKOOVjigxS<\/a><\/p>\n<p>\u2014 O Jogo Online (@ojogo) <a href=\"https:\/\/twitter.com\/ojogo\/status\/784141735211339777\">6 de octubre de 2016<\/a><\/p><\/blockquote>\n<p><script async src=\"\/\/platform.twitter.com\/widgets.js\" charset=\"utf-8\"><\/script><\/p>\n<p>En el buscador de la p\u00e1gina de\u00a0<em>Bild<\/em>, las \u00fanicas b\u00fasquedas que aparecen con el nombre de <strong>Miguel Lay\u00fan<\/strong> son referentes al partido donde marc\u00f3 con el Porto ante la Roma en la UEFA Champions League y el partido de despedida de Cuauht\u00e9moc Blanco en el estadio Azteca en 2014.<\/p>\n<p style=\"text-align: center;\"><strong><span style=\"color: #3366ff;\">LEER M\u00c1S:\u00a0<a style=\"color: #3366ff;\" href=\"https:\/\/www.futboltotal.com.mx\/2016\/10\/graziano-pelle-expulsado-la-seleccion-italia\/\"> Pell\u00e8 queda fuera de Italia por no saludar a su t\u00e9cnico<\/a><\/span><\/strong><\/p>\n<p><a href=\"https:\/\/www.futboltotal.com.mx\/wp-content\/uploads\/2016\/10\/Screen-Shot-2016-10-07-at-12.33.30-PM.png\"><img decoding=\"async\" loading=\"lazy\" class=\"alignnone size-full wp-image-434240\" src=\"https:\/\/www.futboltotal.com.mx\/wp-content\/uploads\/2016\/10\/Screen-Shot-2016-10-07-at-12.33.30-PM.png\" alt=\"screen-shot-2016-10-07-at-12-33-30-pm\" srcset=\"http:\/\/desarrollo.grupomedios.com\/futbol\/wp-content\/uploads\/2016\/10\/Screen-Shot-2016-10-07-at-12.33.30-PM.png 667w, http:\/\/desarrollo.grupomedios.com\/futbol\/wp-content\/uploads\/2016\/10\/Screen-Shot-2016-10-07-at-12.33.30-PM-300x191.png 300w\" sizes=\"(max-width: 667px) 100vw, 667px\" \/><\/a><\/p>\n<p>A pesar de que <strong>Lay\u00fan<\/strong>\u00a0ha destacado como uno de los mejores jugadores mexicanos en Europa, apenas este a\u00f1o el Porto compr\u00f3 su carta al Watford. Esta no es la primera vez que al ex jugador del Am\u00e9rica se le vincula con un club grande, pues hace unos meses tambi\u00e9n &#8216;son\u00f3&#8217; para reforzar al Real Madrid, hecho que nunca sucedi\u00f3.<\/p>\n<p>\u00bfSaldr\u00e1 a la luz el real inter\u00e9s del Borussia Dortmund o solo quedar\u00e1 en un rumor inventado?<\/p>\n","protected":false},"excerpt":{"rendered":"<p>El mexicano ha sido vinculado con el club alem\u00e1n<\/p>\n","protected":false},"author":20,"featured_media":394882,"comment_status":"closed","ping_status":"closed","sticky":false,"template":"","format":"standard","meta":[],"categories":[5,3839],"tags":[1035],"_links":{"self":[{"href":"http:\/\/desarrollo.grupomedios.com\/futbol\/wp-json\/wp\/v2\/posts\/434238"}],"collection":[{"href":"http:\/\/desarrollo.grupomedios.com\/futbol\/wp-json\/wp\/v2\/posts"}],"about":[{"href":"http:\/\/desarrollo.grupomedios.com\/futbol\/wp-json\/wp\/v2\/types\/post"}],"author":[{"embeddable":true,"href":"http:\/\/desarrollo.grupomedios.com\/futbol\/wp-json\/wp\/v2\/users\/20"}],"replies":[{"embeddable":true,"href":"http:\/\/desarrollo.grupomedios.com\/futbol\/wp-json\/wp\/v2\/comments?post=434238"}],"version-history":[{"count":0,"href":"http:\/\/desarrollo.grupomedios.com\/futbol\/wp-json\/wp\/v2\/posts\/434238\/revisions"}],"wp:featuredmedia":[{"embeddable":true,"href":"http:\/\/desarrollo.grupomedios.com\/futbol\/wp-json\/wp\/v2\/media\/394882"}],"wp:attachment":[{"href":"http:\/\/desarrollo.grupomedios.com\/futbol\/wp-json\/wp\/v2\/media?parent=434238"}],"wp:term":[{"taxonomy":"category","embeddable":true,"href":"http:\/\/desarrollo.grupomedios.com\/futbol\/wp-json\/wp\/v2\/categories?post=434238"},{"taxonomy":"post_tag","embeddable":true,"href":"http:\/\/desarrollo.grupomedios.com\/futbol\/wp-json\/wp\/v2\/tags?post=434238"}],"curies":[{"name":"wp","href":"https:\/\/api.w.org\/{rel}","templated":true}]}}