{"id":434245,"date":"2016-10-07T13:35:56","date_gmt":"2016-10-07T18:35:56","guid":{"rendered":"https:\/\/www.futboltotal.com.mx\/?p=434245"},"modified":"2016-10-07T13:44:53","modified_gmt":"2016-10-07T18:44:53","slug":"ronaldinho-maradona-jugaran-juntos","status":"publish","type":"post","link":"http:\/\/desarrollo.grupomedios.com\/futbol\/destacado-home\/ronaldinho-maradona-jugaran-juntos\/2016\/10","title":{"rendered":"Ronaldinho y Maradona, \u00a1jugar\u00e1n juntos!"},"content":{"rendered":"<p class=\"p1\">Exjugadores de la Liga espa\u00f1ola como Maradona, Ronaldinho, Abidal, Kanoute, M\u00edchel Salgado, Rafa M\u00e1rquez o Robert Pires integrar\u00e1n el equipo &#8220;LaLiga por la Paz&#8221; que participar\u00e1 en el partido &#8220;Unidos por la Paz&#8221; el pr\u00f3ximo 12 de octubre en el estadio ol\u00edmpico de Roma.<\/p>\n<p class=\"p1\" style=\"text-align: center;\"><a href=\"https:\/\/www.futboltotal.com.mx\/2016\/08\/cuauhtemoc-blanco-cambia-al-america-papa\/\"><strong>LEE M\u00c1S:\u00a0\u00a1Cuauht\u00e9moc Blanco vuelve a las canchas!<\/strong><\/a><\/p>\n<p class=\"p1\">El encuentro, promovido por el papa Francisco, se jugar\u00e1 en la capital italiana con la participaci\u00f3n de figuras del f\u00fatbol y jugadores en activo de distintas religiones y creencias. Otros exfutbolistas que se sumaron a la convocatoria son Didier Drogba, Roberto Carlos, Juan Sebasti\u00e1n Ver\u00f3n y el mexicano Cuauht\u00e9moc Blanco.\u00a0Se presume que tambi\u00e9n asistir\u00e1n a dicho encuentro ben\u00e9fico Caf\u00fa, Burdisso y Totti.<\/p>\n<p class=\"p1\">El sumo pont\u00edfice asegur\u00f3\u00a0que<em> &#8220;es el momento de demostrar que somos capaces de conseguir la paz a trav\u00e9s del deporte\u201d<\/em>.\u00a0Lo que se recaude del encuentro se destinar\u00e1 a proyectos educativos por la integraci\u00f3n y la paz, seg\u00fan confirm\u00f3 LaLiga. Adem\u00e1s se prestar\u00e1 apoyo a las personas afectadas por el terremoto Amatrice del pasado 24 de agosto.<\/p>\n<p class=\"p1\">El primer partido por la paz se celebr\u00f3 el 1 de septiembre de 2014. El equipo conformado por Iv\u00e1n Zamorano, Fernando Muslera, Javier Zanetti, Alessandro Del Piero entre otros, se impusieron a su s\u00edmil con jugadores entre los que figuraban Gianluigi Buff\u00f3n, Javier Mascherano y Diego Maradona, con un marcador de 6 &#8211; 3.<\/p>\n<p class=\"p3\">Fuente: EFE<\/p>\n","protected":false},"excerpt":{"rendered":"<p>Exjugadores de la Liga espa\u00f1ola como Maradona, Ronaldinho, Abidal, Kanoute, M\u00edchel Salgado, Rafa M\u00e1rquez o Robert Pires integrar\u00e1n el equipo &#8220;LaLiga por la Paz&#8221; que participar\u00e1 en el partido &#8220;Unidos por la Paz&#8221; el pr\u00f3ximo 12 de octubre en el estadio ol\u00edmpico de Roma. LEE M\u00c1S:\u00a0\u00a1Cuauht\u00e9moc Blanco vuelve a las canchas! El encuentro, promovido por [&hellip;]<\/p>\n","protected":false},"author":20,"featured_media":434248,"comment_status":"closed","ping_status":"closed","sticky":false,"template":"","format":"standard","meta":[],"categories":[5,3839,5951],"tags":[7010,690,6033,5997],"_links":{"self":[{"href":"http:\/\/desarrollo.grupomedios.com\/futbol\/wp-json\/wp\/v2\/posts\/434245"}],"collection":[{"href":"http:\/\/desarrollo.grupomedios.com\/futbol\/wp-json\/wp\/v2\/posts"}],"about":[{"href":"http:\/\/desarrollo.grupomedios.com\/futbol\/wp-json\/wp\/v2\/types\/post"}],"author":[{"embeddable":true,"href":"http:\/\/desarrollo.grupomedios.com\/futbol\/wp-json\/wp\/v2\/users\/20"}],"replies":[{"embeddable":true,"href":"http:\/\/desarrollo.grupomedios.com\/futbol\/wp-json\/wp\/v2\/comments?post=434245"}],"version-history":[{"count":0,"href":"http:\/\/desarrollo.grupomedios.com\/futbol\/wp-json\/wp\/v2\/posts\/434245\/revisions"}],"wp:featuredmedia":[{"embeddable":true,"href":"http:\/\/desarrollo.grupomedios.com\/futbol\/wp-json\/wp\/v2\/media\/434248"}],"wp:attachment":[{"href":"http:\/\/desarrollo.grupomedios.com\/futbol\/wp-json\/wp\/v2\/media?parent=434245"}],"wp:term":[{"taxonomy":"category","embeddable":true,"href":"http:\/\/desarrollo.grupomedios.com\/futbol\/wp-json\/wp\/v2\/categories?post=434245"},{"taxonomy":"post_tag","embeddable":true,"href":"http:\/\/desarrollo.grupomedios.com\/futbol\/wp-json\/wp\/v2\/tags?post=434245"}],"curies":[{"name":"wp","href":"https:\/\/api.w.org\/{rel}","templated":true}]}}