{"id":434247,"date":"2016-10-07T13:41:17","date_gmt":"2016-10-07T18:41:17","guid":{"rendered":"https:\/\/www.futboltotal.com.mx\/?p=434247"},"modified":"2016-10-07T13:44:02","modified_gmt":"2016-10-07T18:44:02","slug":"raul-potro-gutierrez-intervino-convocatoria-juan-carlos-osorio","status":"publish","type":"post","link":"http:\/\/desarrollo.grupomedios.com\/futbol\/destacado-home\/raul-potro-gutierrez-intervino-convocatoria-juan-carlos-osorio\/2016\/10","title":{"rendered":"\u00bfPotro Guti\u00e9rrez intervino en convocatoria de Osorio?"},"content":{"rendered":"<p>La <span style=\"color: #ff0000;\"><a style=\"color: #ff0000;\" href=\"http:\/\/futboltotal.com.mx\/equipos\/seleccion-mexicana\/\">Selecci\u00f3n Mexicana<\/a><\/span> ya est\u00e1 en Neshille para disputar su amistoso de este s\u00e1bado contra la selecci\u00f3n de Nueva Zelanda en el estadio de los Titanes de Teenesse.<\/p>\n<p>Adem\u00e1s del plantel convocado y el cuerpo t\u00e9cnico encabezado por <strong>Juan Carlos Osorio<\/strong>, tambi\u00e9n arribo el entrenador Campe\u00f3n del Mundo Sub-17, <strong>Ra\u00fal <em>Potro<\/em> Guti\u00e9rrez.<\/strong><\/p>\n<blockquote class=\"twitter-tweet\" data-lang=\"es\">\n<p dir=\"ltr\" lang=\"es\">Hola, Nashville&#8230;<\/p>\n<p>\u00a1Ya llegamos, <a href=\"https:\/\/twitter.com\/hashtag\/Incondicionales?src=hash\">#Incondicionales<\/a>! <a href=\"https:\/\/twitter.com\/hashtag\/RendirseJam%C3%A1s?src=hash\">#RendirseJam\u00e1s<\/a> <a href=\"https:\/\/t.co\/znnxsQBQFG\">pic.twitter.com\/znnxsQBQFG<\/a><\/p>\n<p>\u2014 Selecci\u00f3n Nacional (@miseleccionmx) <a href=\"https:\/\/twitter.com\/miseleccionmx\/status\/784213850031689728\">7 de octubre de 2016<\/a><\/p><\/blockquote>\n<p><script async src=\"\/\/platform.twitter.com\/widgets.js\" charset=\"utf-8\"><\/script><\/p>\n<p>La presencia del <em>Potro<\/em> se debe a que est\u00e1 como un auxiliar del t\u00e9cnico colombiano, aunque esto no se ha oficializado y seg\u00fan solo le est\u00e1 ayudando en algunas cosas del\u00a0<em>Tricolor<\/em>, como podr\u00eda haber sido la convocatoria para esta Fecha FIFA.<\/p>\n<blockquote><p>&#8220;El profe <strong>Osorio<\/strong> ha tenido un gesto de apertura impresionante hacia mi persona, en aceptar que pueda estar cerca de su equipo. S\u00ed (pudo ayudar en la convocatoria), como parte de esa apertura del profe\u201d, dijo para el programa\u00a0<em>Agenda Fox Sports.<\/em><\/p><\/blockquote>\n<p><strong>Guti\u00e9rrez<\/strong> tambi\u00e9n habl\u00f3 sobre su llegada con la Selecci\u00f3n Mayor y explic\u00f3 que \u00e9l busca aprender c\u00f3mo se trabaja ah\u00ed ya que busca crecer como entrenador.<\/p>\n<blockquote><p>&#8220;Desde que terminamos el proceso ol\u00edmpico nuestra intenci\u00f3n siempre fue estar cerca de la selecci\u00f3n mayor para seguir aprendiendo y seguir creciendo como entrenador y como persona&#8221;, confes\u00f3.<\/p><\/blockquote>\n<p>Adem\u00e1s, el <em>Potro<\/em> neg\u00f3 que fuera un nuevo auxiliar de <strong>Juan Carlos Osorio<\/strong> y agradeci\u00f3 al t\u00e9cnico colombiano por la oportunidad que le dio por estar junto a \u00e9l en la cancha. &#8220;Es una circunstancia de apertura del profe porque \u00e9l respeta mucho mi trayectoria que he tenido en selecciones nacionales, pero m\u00e1s que nada es un apoyo&#8221;.<\/p>\n<p style=\"text-align: center;\"><strong><span style=\"color: #3366ff;\">LEER M\u00c1S:\u00a0<a style=\"color: #3366ff;\" href=\"https:\/\/www.futboltotal.com.mx\/2016\/10\/los-partidos-moleros-del-tri\/\">Los partidos \u201cmoleros\u201d del Tri<\/a><\/span><\/strong><\/p>\n<p>El t\u00e9cnico de <strong>M\u00e9xico<\/strong> en los pasados Juegos Ol\u00edmpicos tambi\u00e9n aprovech\u00f3 para defender de las cr\u00edticas al colombiano y consider\u00f3:\u00a0\u201c\u00c9l es un tipo trabajador, tiene una visi\u00f3n, como todo entrenador, tiene una visi\u00f3n hacia lo que quiere, pero lo principal y fundamental es que trabajar. Despu\u00e9s, obviamente depende de que el jugador desempe\u00f1e ese trabajo a la hora del partido\u201d.<\/p>\n","protected":false},"excerpt":{"rendered":"<p>El Potro estar\u00e1 como &#8216;ayudante&#8217; de Juan Carlos Osorio<\/p>\n","protected":false},"author":20,"featured_media":417317,"comment_status":"closed","ping_status":"closed","sticky":false,"template":"","format":"standard","meta":[],"categories":[5,2198,3847],"tags":[6196,3336],"_links":{"self":[{"href":"http:\/\/desarrollo.grupomedios.com\/futbol\/wp-json\/wp\/v2\/posts\/434247"}],"collection":[{"href":"http:\/\/desarrollo.grupomedios.com\/futbol\/wp-json\/wp\/v2\/posts"}],"about":[{"href":"http:\/\/desarrollo.grupomedios.com\/futbol\/wp-json\/wp\/v2\/types\/post"}],"author":[{"embeddable":true,"href":"http:\/\/desarrollo.grupomedios.com\/futbol\/wp-json\/wp\/v2\/users\/20"}],"replies":[{"embeddable":true,"href":"http:\/\/desarrollo.grupomedios.com\/futbol\/wp-json\/wp\/v2\/comments?post=434247"}],"version-history":[{"count":0,"href":"http:\/\/desarrollo.grupomedios.com\/futbol\/wp-json\/wp\/v2\/posts\/434247\/revisions"}],"wp:featuredmedia":[{"embeddable":true,"href":"http:\/\/desarrollo.grupomedios.com\/futbol\/wp-json\/wp\/v2\/media\/417317"}],"wp:attachment":[{"href":"http:\/\/desarrollo.grupomedios.com\/futbol\/wp-json\/wp\/v2\/media?parent=434247"}],"wp:term":[{"taxonomy":"category","embeddable":true,"href":"http:\/\/desarrollo.grupomedios.com\/futbol\/wp-json\/wp\/v2\/categories?post=434247"},{"taxonomy":"post_tag","embeddable":true,"href":"http:\/\/desarrollo.grupomedios.com\/futbol\/wp-json\/wp\/v2\/tags?post=434247"}],"curies":[{"name":"wp","href":"https:\/\/api.w.org\/{rel}","templated":true}]}}