{"id":434272,"date":"2016-10-07T16:22:40","date_gmt":"2016-10-07T21:22:40","guid":{"rendered":"https:\/\/www.futboltotal.com.mx\/?p=434272"},"modified":"2016-10-07T16:23:18","modified_gmt":"2016-10-07T21:23:18","slug":"chivas-alianza-netflix","status":"publish","type":"post","link":"http:\/\/desarrollo.grupomedios.com\/futbol\/destacado-home\/chivas-alianza-netflix\/2016\/10","title":{"rendered":"Chivas, \u00bfprepara alianza con Netflix?"},"content":{"rendered":"<p>El CEO de Grupo Omnilife y <strong><span style=\"color: #ff0000;\"><a style=\"color: #ff0000;\" href=\"http:\/\/futboltotal.com.mx\/equipos\/guadalajara\/\">Chivas<\/a><\/span><\/strong>, <strong>Jos\u00e9 Luis Higuera<\/strong>, alborot\u00f3 a los aficionados del <em>Reba\u00f1o Sagrado<\/em> luego de compartir im\u00e1genes a trav\u00e9s de su cuenta de Twitter donde aparece en una junta con gente de <strong>Netflix<\/strong>.<\/p>\n<p>Primero, <strong>Higuera<\/strong> comparti\u00f3 que estaba en camino a una junta importante<\/p>\n<blockquote class=\"twitter-tweet\" data-lang=\"es\">\n<p dir=\"ltr\" lang=\"es\">A una junta importante!<\/p>\n<p>\u2014 Jose Luis Higuera (@JLHB33) <a href=\"https:\/\/twitter.com\/JLHB33\/status\/784435294959308800\">7 de octubre de 2016<\/a><\/p><\/blockquote>\n<p><script async src=\"\/\/platform.twitter.com\/widgets.js\" charset=\"utf-8\"><\/script><\/p>\n<p>Despu\u00e9s fue cuando sorprendi\u00f3 a todos, pues tom\u00f3 una fotograf\u00eda en donde se aprecian las oficinas de <strong>Netflix<\/strong> en M\u00e9xico.<\/p>\n<blockquote class=\"twitter-tweet\" data-lang=\"es\">\n<p dir=\"ltr\" lang=\"und\">&#8230;.. <a href=\"https:\/\/twitter.com\/NetflixLAT\">@NetflixLAT<\/a> <a href=\"https:\/\/twitter.com\/netflix\">@netflix<\/a>  <a href=\"https:\/\/t.co\/WcewcpqFa2\">pic.twitter.com\/WcewcpqFa2<\/a><\/p>\n<p>\u2014 Jose Luis Higuera (@JLHB33) <a href=\"https:\/\/twitter.com\/JLHB33\/status\/784438778060345345\">7 de octubre de 2016<\/a><\/p><\/blockquote>\n<p><script async src=\"\/\/platform.twitter.com\/widgets.js\" charset=\"utf-8\"><\/script><\/p>\n<p>Las fotos compartidas por <strong>Higuera<\/strong> dejaron cualquier cantidad de dudas, pues muchos aficionados piensan que es para recibir consejos para su transmisi\u00f3n de <strong>Chivas TV<\/strong>, la cual ha fallado en sus streamings.<\/p>\n<p style=\"text-align: center;\"><strong><span style=\"color: #3366ff;\">LEER M\u00c1S:<a style=\"color: #3366ff;\" href=\"https:\/\/www.futboltotal.com.mx\/2016\/10\/curiosidades-mexico-vs-nueva-zelanda\/\"> Curiosidades de M\u00e9xico vs Nueva Zelanda<\/a><\/span><\/strong><\/p>\n<p>Al final de la junta, <strong>Higuera<\/strong> volvi\u00f3 a compartir una foto con la gente de <strong>Netlfix<\/strong> y pidi\u00f3 a los aficionados que siguieran las transmisiones de Chivas TV.<\/p>\n<blockquote class=\"twitter-tweet\" data-lang=\"es\">\n<p dir=\"ltr\" lang=\"es\">Gracias!! Y los espero en GDL!! Para ver a las <a href=\"https:\/\/twitter.com\/Chivas\">@Chivas<\/a> por <a href=\"https:\/\/twitter.com\/SomosChivasTv\">@SomosChivasTv<\/a> <a href=\"https:\/\/t.co\/nMfHDa5wZt\">pic.twitter.com\/nMfHDa5wZt<\/a><\/p>\n<p>\u2014 Jose Luis Higuera (@JLHB33) <a href=\"https:\/\/twitter.com\/JLHB33\/status\/784458226167189504\">7 de octubre de 2016<\/a><\/p><\/blockquote>\n<p><script async src=\"\/\/platform.twitter.com\/widgets.js\" charset=\"utf-8\"><\/script><\/p>\n","protected":false},"excerpt":{"rendered":"<p>El CEO de Grupo Omnilife y Chivas, Jos\u00e9 Luis Higuera, alborot\u00f3 a los aficionados del Reba\u00f1o Sagrado luego de compartir im\u00e1genes a trav\u00e9s de su cuenta de Twitter donde aparece en una junta con gente de Netflix. Primero, Higuera comparti\u00f3 que estaba en camino a una junta importante A una junta importante! \u2014 Jose Luis [&hellip;]<\/p>\n","protected":false},"author":20,"featured_media":434274,"comment_status":"closed","ping_status":"closed","sticky":false,"template":"","format":"standard","meta":[],"categories":[5,2198,3845],"tags":[],"_links":{"self":[{"href":"http:\/\/desarrollo.grupomedios.com\/futbol\/wp-json\/wp\/v2\/posts\/434272"}],"collection":[{"href":"http:\/\/desarrollo.grupomedios.com\/futbol\/wp-json\/wp\/v2\/posts"}],"about":[{"href":"http:\/\/desarrollo.grupomedios.com\/futbol\/wp-json\/wp\/v2\/types\/post"}],"author":[{"embeddable":true,"href":"http:\/\/desarrollo.grupomedios.com\/futbol\/wp-json\/wp\/v2\/users\/20"}],"replies":[{"embeddable":true,"href":"http:\/\/desarrollo.grupomedios.com\/futbol\/wp-json\/wp\/v2\/comments?post=434272"}],"version-history":[{"count":0,"href":"http:\/\/desarrollo.grupomedios.com\/futbol\/wp-json\/wp\/v2\/posts\/434272\/revisions"}],"wp:featuredmedia":[{"embeddable":true,"href":"http:\/\/desarrollo.grupomedios.com\/futbol\/wp-json\/wp\/v2\/media\/434274"}],"wp:attachment":[{"href":"http:\/\/desarrollo.grupomedios.com\/futbol\/wp-json\/wp\/v2\/media?parent=434272"}],"wp:term":[{"taxonomy":"category","embeddable":true,"href":"http:\/\/desarrollo.grupomedios.com\/futbol\/wp-json\/wp\/v2\/categories?post=434272"},{"taxonomy":"post_tag","embeddable":true,"href":"http:\/\/desarrollo.grupomedios.com\/futbol\/wp-json\/wp\/v2\/tags?post=434272"}],"curies":[{"name":"wp","href":"https:\/\/api.w.org\/{rel}","templated":true}]}}