{"id":434336,"date":"2016-10-07T19:52:07","date_gmt":"2016-10-08T00:52:07","guid":{"rendered":"https:\/\/www.futboltotal.com.mx\/?p=434336"},"modified":"2016-10-07T19:52:07","modified_gmt":"2016-10-08T00:52:07","slug":"operaran-a-paul-aguilar-en-guadalajara","status":"publish","type":"post","link":"http:\/\/desarrollo.grupomedios.com\/futbol\/futbol-mexicano\/operaran-a-paul-aguilar-en-guadalajara\/2016\/10","title":{"rendered":"Operar\u00e1n a Paul Aguilar en Guadalajara"},"content":{"rendered":"<p>Despu\u00e9s de la rotura de ligamento cruzado anterior que sufri\u00f3 el 28 de septiembre en el duelo que enfrent\u00f3 a <strong><a href=\"http:\/\/futboltotal.com.mx\/equipos\/america\/\" target=\"_blank\">Am\u00e9rica<\/a><\/strong> y Veracruz en los Octavos de Final de Copa MX, <strong>Paul Aguilar<\/strong> viaj\u00f3 a <strong>Guadalajara<\/strong>, donde ser\u00e1 operado por el doctor Rafael Ortega.<\/p>\n<p>Seg\u00fan el diario <em>R\u00e9cord<\/em>,<strong> Paul Aguilar<\/strong> ser\u00e1 intervenido a m\u00e1s tardar el s\u00e1bado en la ma\u00f1ana, despu\u00e9s de realizarle los estudios pre-operatorios.<\/p>\n<p><iframe loading=\"lazy\" src=\"https:\/\/www.youtube.com\/embed\/oF3GSEv0kQs?feature=oembed\" frameborder=\"0\" allowfullscreen><\/iframe><\/p>\n<p>Se estima que el lateral americanista de 30 a\u00f1os est\u00e9 al menos seis meses fuera de los terrenos de juego, con lo que se perder\u00e1 lo que resta de Apertura 2016 y el Mundial de Clubes.<\/p>\n","protected":false},"excerpt":{"rendered":"<p>El doctor Rafael Ortega se encargar\u00e1 de darle tratamiento<\/p>\n","protected":false},"author":20,"featured_media":434337,"comment_status":"closed","ping_status":"closed","sticky":false,"template":"","format":"standard","meta":[],"categories":[2198,3845,5950],"tags":[5959,216],"_links":{"self":[{"href":"http:\/\/desarrollo.grupomedios.com\/futbol\/wp-json\/wp\/v2\/posts\/434336"}],"collection":[{"href":"http:\/\/desarrollo.grupomedios.com\/futbol\/wp-json\/wp\/v2\/posts"}],"about":[{"href":"http:\/\/desarrollo.grupomedios.com\/futbol\/wp-json\/wp\/v2\/types\/post"}],"author":[{"embeddable":true,"href":"http:\/\/desarrollo.grupomedios.com\/futbol\/wp-json\/wp\/v2\/users\/20"}],"replies":[{"embeddable":true,"href":"http:\/\/desarrollo.grupomedios.com\/futbol\/wp-json\/wp\/v2\/comments?post=434336"}],"version-history":[{"count":0,"href":"http:\/\/desarrollo.grupomedios.com\/futbol\/wp-json\/wp\/v2\/posts\/434336\/revisions"}],"wp:featuredmedia":[{"embeddable":true,"href":"http:\/\/desarrollo.grupomedios.com\/futbol\/wp-json\/wp\/v2\/media\/434337"}],"wp:attachment":[{"href":"http:\/\/desarrollo.grupomedios.com\/futbol\/wp-json\/wp\/v2\/media?parent=434336"}],"wp:term":[{"taxonomy":"category","embeddable":true,"href":"http:\/\/desarrollo.grupomedios.com\/futbol\/wp-json\/wp\/v2\/categories?post=434336"},{"taxonomy":"post_tag","embeddable":true,"href":"http:\/\/desarrollo.grupomedios.com\/futbol\/wp-json\/wp\/v2\/tags?post=434336"}],"curies":[{"name":"wp","href":"https:\/\/api.w.org\/{rel}","templated":true}]}}