{"id":434402,"date":"2016-10-07T22:43:22","date_gmt":"2016-10-08T03:43:22","guid":{"rendered":"https:\/\/www.futboltotal.com.mx\/?p=434402"},"modified":"2016-10-07T22:43:22","modified_gmt":"2016-10-08T03:43:22","slug":"carlos-reinoso-busca-recuperar-a-veracruz","status":"publish","type":"post","link":"http:\/\/desarrollo.grupomedios.com\/futbol\/futbol-mexicano\/carlos-reinoso-busca-recuperar-a-veracruz\/2016\/10","title":{"rendered":"Carlos Reinoso busca recuperar al Veracruz"},"content":{"rendered":"<p><strong>Carlos Reinoso<\/strong> atendi\u00f3 por primera vez a los medios de comunicaci\u00f3n desde su regreso a los Tiburones Rojos del <a href=\"http:\/\/futboltotal.com.mx\/equipos\/veracruz\/\" target=\"_blank\"><strong>Veracruz<\/strong><\/a>.\u00a0Esta ma\u00f1ana en conferencia de prensa, el t\u00e9cnico chileno estableci\u00f3 los conceptos de su nuevo proyecto con el equipo escualo, dejando en claro a la plantilla que &#8220;el que no se entregara al mil, estaba fuera y me voy a encargar de sacarlo del equipo\u201d.<\/p>\n<p>El \u00e9xito de <strong>Carlos Reinoso<\/strong> con los jarochos\u00a0buscar\u00e1 fundamentar sus bases en la comunicaci\u00f3n con la plantilla, &#8220;lo que platico con ellos se los puedo platicar a ustedes porque ya lo platiqu\u00e9 con el due\u00f1o y los chicos se han comportado muy bien, su respuesta es extraordinaria, est\u00e1n dispuestos a matarse por la instituci\u00f3n y sacar esto adelante\u201d, agreg\u00f3.<\/p>\n<blockquote class=\"twitter-tweet\" data-lang=\"es\">\n<p dir=\"ltr\" lang=\"es\">\u00a1Hasta ma\u00f1ana escualos!  Que tengan una gran noche <a href=\"https:\/\/twitter.com\/hashtag\/SiempreTibur%C3%B3n?src=hash\">#SiempreTibur\u00f3n<\/a>  <a href=\"https:\/\/t.co\/qzqFuRjV9x\">pic.twitter.com\/qzqFuRjV9x<\/a><\/p>\n<p>\u2014 Tiburones Rojos (@ClubTiburones) <a href=\"https:\/\/twitter.com\/ClubTiburones\/status\/784597097869901824\">8 de octubre de 2016<\/a><\/p><\/blockquote>\n<p><script async src=\"\/\/platform.twitter.com\/widgets.js\" charset=\"utf-8\"><\/script><\/p>\n<p>La meta del<em>\u00a0Maestro<\/em> ser\u00e1 cosechar 10 de los 15 puntos que quedan por disputar en este certamen, de cara al Clausura 2016, en el que los escualos una vez m\u00e1s estar\u00e1n involucrados en problemas de descenso.<\/p>\n<p><strong>Carlos Reinoso<\/strong> invit\u00f3 a la afici\u00f3n de <strong>Veracruz<\/strong> a asistir al partido ante Le\u00f3n del pr\u00f3ximo viernes 14 de octubre, prometiendo &#8220;futbol ofensivo&#8221; y &#8220;alegre&#8221;. Los Tiburones Rojos se ubican en el lugar 16 de la tabla de la Liga MX, con solo 9 puntos hasta el momento.<\/p>\n","protected":false},"excerpt":{"rendered":"<p>El Maestro quiere un equipo alegre y ofensivo<\/p>\n","protected":false},"author":20,"featured_media":434403,"comment_status":"closed","ping_status":"closed","sticky":false,"template":"","format":"standard","meta":[],"categories":[2198,3845,5950],"tags":[4538,6049],"_links":{"self":[{"href":"http:\/\/desarrollo.grupomedios.com\/futbol\/wp-json\/wp\/v2\/posts\/434402"}],"collection":[{"href":"http:\/\/desarrollo.grupomedios.com\/futbol\/wp-json\/wp\/v2\/posts"}],"about":[{"href":"http:\/\/desarrollo.grupomedios.com\/futbol\/wp-json\/wp\/v2\/types\/post"}],"author":[{"embeddable":true,"href":"http:\/\/desarrollo.grupomedios.com\/futbol\/wp-json\/wp\/v2\/users\/20"}],"replies":[{"embeddable":true,"href":"http:\/\/desarrollo.grupomedios.com\/futbol\/wp-json\/wp\/v2\/comments?post=434402"}],"version-history":[{"count":0,"href":"http:\/\/desarrollo.grupomedios.com\/futbol\/wp-json\/wp\/v2\/posts\/434402\/revisions"}],"wp:featuredmedia":[{"embeddable":true,"href":"http:\/\/desarrollo.grupomedios.com\/futbol\/wp-json\/wp\/v2\/media\/434403"}],"wp:attachment":[{"href":"http:\/\/desarrollo.grupomedios.com\/futbol\/wp-json\/wp\/v2\/media?parent=434402"}],"wp:term":[{"taxonomy":"category","embeddable":true,"href":"http:\/\/desarrollo.grupomedios.com\/futbol\/wp-json\/wp\/v2\/categories?post=434402"},{"taxonomy":"post_tag","embeddable":true,"href":"http:\/\/desarrollo.grupomedios.com\/futbol\/wp-json\/wp\/v2\/tags?post=434402"}],"curies":[{"name":"wp","href":"https:\/\/api.w.org\/{rel}","templated":true}]}}