{"id":434441,"date":"2016-10-08T12:34:35","date_gmt":"2016-10-08T17:34:35","guid":{"rendered":"https:\/\/www.futboltotal.com.mx\/?p=434441"},"modified":"2016-10-08T12:34:35","modified_gmt":"2016-10-08T17:34:35","slug":"duro-mensaje-sergio-ramos-sus-criticos","status":"publish","type":"post","link":"http:\/\/desarrollo.grupomedios.com\/futbol\/futbol-internacional\/duro-mensaje-sergio-ramos-sus-criticos\/2016\/10","title":{"rendered":"Duro mensaje de Sergio Ramos para sus cr\u00edticos"},"content":{"rendered":"<p><b>Sergio Ramos,<\/b><span style=\"font-weight: 400;\"> defensor del Real Madrid y de la<strong> selecci\u00f3n espa\u00f1ola<\/strong>, est\u00e1 pasando por instantes dif\u00edciles en su carrera. Despu\u00e9s de que ha sido responsabilizado por la prensa ib\u00e9rica despu\u00e9s de su error en el empate ante Italia el pasado jueves y participar en la acci\u00f3n que dej\u00f3 a Riccardo Montolivo con una rotura del ligamento cruzado anterior de la rodilla izquierda, el zaguero se defendi\u00f3 de los feroces cuestionamientos.<\/span><\/p>\n<blockquote><p><span style=\"font-weight: 400;\">&#8220;Las cr\u00edticas siempre caen a los mismos porque llevamos m\u00e1s tiempo y tenemos m\u00e1s peso&#8230;Es normal, va en el sueldo&#8230; Que disfruten este momento para criticarme porque ya les tocar\u00e1 callar, como en otras ocasiones&#8221;, expres\u00f3 <\/span><b>Sergio Ramos<\/b><span style=\"font-weight: 400;\"> en la zona mixta posterior al partido disputado en el Juventus Stadium de Tur\u00edn.<\/span><\/p><\/blockquote>\n<p style=\"text-align: center;\"><strong><span style=\"color: #3366ff;\">LEER M\u00c1S:\u00a0<a style=\"color: #3366ff;\" href=\"https:\/\/www.futboltotal.com.mx\/2016\/10\/gignac-francia-aplastan-a-bulgaria\/\">Gignac y Francia aplastan a Bulgaria<\/a><\/span><\/strong><\/p>\n<p><span style=\"font-weight: 400;\">Posterior al encuentro, el zaguero espa\u00f1ol le mand\u00f3 un mensaje al mediocampista italiano a trav\u00e9s de redes sociales, lamentando la desafortunada acci\u00f3n que lo mantendr\u00e1 al menos 6 meses lejos de los terrenos de juego.<\/span><\/p>\n<blockquote class=\"twitter-tweet\" data-lang=\"es\">\n<p dir=\"ltr\" lang=\"es\">Muy apenado por la lesi\u00f3n de <a href=\"https:\/\/twitter.com\/OfficialMonto\">@OfficialMonto<\/a>. Toda la fuerza.\/ Sad to hear about Montolivo&#8217;s injury. All my strength. <a href=\"https:\/\/twitter.com\/hashtag\/ForzaMontolivo?src=hash\">#ForzaMontolivo<\/a><\/p>\n<p>\u2014 Sergio Ramos (@SergioRamos) <a href=\"https:\/\/twitter.com\/SergioRamos\/status\/784472556250210306\">7 de octubre de 2016<\/a><\/p><\/blockquote>\n<p><script async src=\"\/\/platform.twitter.com\/widgets.js\" charset=\"utf-8\"><\/script><\/p>\n<p><span style=\"font-weight: 400;\">Este domingo <\/span><b>Espa\u00f1a<\/b><span style=\"font-weight: 400;\"> enfrentar\u00e1 su segundo partido de esta <\/span><b>Fecha FIFA<\/b><span style=\"font-weight: 400;\">, al visitar a Albania en el Loro Borici Stadium, en un duelo m\u00e1s de las eliminatorias rumbo a la Copa Mundial de Rusia 2018. <\/span><\/p>\n","protected":false},"excerpt":{"rendered":"<p>Ramos envi\u00f3 mensaje a Montolivo por su lesi\u00f3n<\/p>\n","protected":false},"author":20,"featured_media":423884,"comment_status":"closed","ping_status":"closed","sticky":false,"template":"","format":"standard","meta":[],"categories":[3839,5951],"tags":[253,6020],"_links":{"self":[{"href":"http:\/\/desarrollo.grupomedios.com\/futbol\/wp-json\/wp\/v2\/posts\/434441"}],"collection":[{"href":"http:\/\/desarrollo.grupomedios.com\/futbol\/wp-json\/wp\/v2\/posts"}],"about":[{"href":"http:\/\/desarrollo.grupomedios.com\/futbol\/wp-json\/wp\/v2\/types\/post"}],"author":[{"embeddable":true,"href":"http:\/\/desarrollo.grupomedios.com\/futbol\/wp-json\/wp\/v2\/users\/20"}],"replies":[{"embeddable":true,"href":"http:\/\/desarrollo.grupomedios.com\/futbol\/wp-json\/wp\/v2\/comments?post=434441"}],"version-history":[{"count":0,"href":"http:\/\/desarrollo.grupomedios.com\/futbol\/wp-json\/wp\/v2\/posts\/434441\/revisions"}],"wp:featuredmedia":[{"embeddable":true,"href":"http:\/\/desarrollo.grupomedios.com\/futbol\/wp-json\/wp\/v2\/media\/423884"}],"wp:attachment":[{"href":"http:\/\/desarrollo.grupomedios.com\/futbol\/wp-json\/wp\/v2\/media?parent=434441"}],"wp:term":[{"taxonomy":"category","embeddable":true,"href":"http:\/\/desarrollo.grupomedios.com\/futbol\/wp-json\/wp\/v2\/categories?post=434441"},{"taxonomy":"post_tag","embeddable":true,"href":"http:\/\/desarrollo.grupomedios.com\/futbol\/wp-json\/wp\/v2\/tags?post=434441"}],"curies":[{"name":"wp","href":"https:\/\/api.w.org\/{rel}","templated":true}]}}