{"id":434481,"date":"2016-10-08T16:58:14","date_gmt":"2016-10-08T21:58:14","guid":{"rendered":"https:\/\/www.futboltotal.com.mx\/?p=434481"},"modified":"2016-10-08T17:32:20","modified_gmt":"2016-10-08T22:32:20","slug":"galatasaray-debuta-a-jugador-14-anos","status":"publish","type":"post","link":"http:\/\/desarrollo.grupomedios.com\/futbol\/videos\/galatasaray-debuta-a-jugador-14-anos\/2016\/10","title":{"rendered":"\u00a1Debutan a jugador de 14 a\u00f1os en Turqu\u00eda!"},"content":{"rendered":"<p><span style=\"font-weight: 400;\">\u00bfQu\u00e9 estabas haciendo a tus 14 a\u00f1os, crack? En lo que lo piensas, te contamos que en <strong>Turqu\u00eda<\/strong> el poderoso <\/span><b>Galatasaray<\/b><span style=\"font-weight: 400;\"> debut\u00f3 a un joven llamado <\/span><b>Mustafa Kapi<\/b><span style=\"font-weight: 400;\">, en el partido amistoso en el que enfrentaron al Levski Sof\u00eda.<\/span><\/p>\n<blockquote class=\"twitter-tweet\" data-lang=\"es\">\n<p dir=\"ltr\" lang=\"en\">14 year old Mustafa Kap\u0131 making his first appearance for Galatasaray this evening! <a href=\"https:\/\/twitter.com\/hashtag\/GSlive?src=hash\">#GSlive<\/a> <a href=\"https:\/\/t.co\/Fn4Fo5ZRGv\">pic.twitter.com\/Fn4Fo5ZRGv<\/a><\/p>\n<p>\u2014 Galatasaray EN (@Galatasaray) <a href=\"https:\/\/twitter.com\/Galatasaray\/status\/784814420908183553\">8 de octubre de 2016<\/a><\/p><\/blockquote>\n<p><script async src=\"\/\/platform.twitter.com\/widgets.js\" charset=\"utf-8\"><\/script><\/p>\n<p><span style=\"font-weight: 400;\">El joven nacido en 2002 ya es comparado con <\/span><b>Paul Pogba<\/b><span style=\"font-weight: 400;\"> por sus caracter\u00edsticas en el terreno de juego, y su posible estreno caus\u00f3 gran expectativa en Turqu\u00eda, sin embargo su estratega apenas le dio 2 minutos de acci\u00f3n, en los que poco pudo demostrar el juvenil.<\/span><\/p>\n<p style=\"text-align: center;\"><strong><span style=\"color: #3366ff;\">LEER M\u00c1S:\u00a0<a style=\"color: #3366ff;\" href=\"https:\/\/www.futboltotal.com.mx\/2016\/10\/nino-13-anos-debuto-la-sub-20-del-celtic\/\">Ni\u00f1o de 13 a\u00f1os debut\u00f3 con la Sub-20 del Celtic<\/a><\/span><\/strong><\/p>\n<p><span style=\"font-weight: 400;\">Este estreno coincide con el hecho que se suscit\u00f3 en Escocia la semana pasada, en donde el poderoso Celtic debut\u00f3 a su juvenil Karamoko Dembel\u00e9, de apenas 13 a\u00f1os de edad.<\/span><\/p>\n<p><span style=\"font-weight: 400;\">S\u00e1bado 8 de octubre, un d\u00eda que <\/span><b>Mustafa Kapi<\/b><span style=\"font-weight: 400;\"> recordar\u00e1 por toda su vida&#8230;<\/span><\/p>\n<p><iframe loading=\"lazy\" src=\"https:\/\/www.youtube.com\/embed\/grZE44BWifc\" frameborder=\"0\" allowfullscreen=\"allowfullscreen\"><\/iframe><\/p>\n","protected":false},"excerpt":{"rendered":"<p>El ni\u00f1o entr\u00f3 de cambio a dos minutos del final<\/p>\n","protected":false},"author":20,"featured_media":434482,"comment_status":"closed","ping_status":"closed","sticky":false,"template":"","format":"standard","meta":[],"categories":[3839,4],"tags":[6032],"_links":{"self":[{"href":"http:\/\/desarrollo.grupomedios.com\/futbol\/wp-json\/wp\/v2\/posts\/434481"}],"collection":[{"href":"http:\/\/desarrollo.grupomedios.com\/futbol\/wp-json\/wp\/v2\/posts"}],"about":[{"href":"http:\/\/desarrollo.grupomedios.com\/futbol\/wp-json\/wp\/v2\/types\/post"}],"author":[{"embeddable":true,"href":"http:\/\/desarrollo.grupomedios.com\/futbol\/wp-json\/wp\/v2\/users\/20"}],"replies":[{"embeddable":true,"href":"http:\/\/desarrollo.grupomedios.com\/futbol\/wp-json\/wp\/v2\/comments?post=434481"}],"version-history":[{"count":0,"href":"http:\/\/desarrollo.grupomedios.com\/futbol\/wp-json\/wp\/v2\/posts\/434481\/revisions"}],"wp:featuredmedia":[{"embeddable":true,"href":"http:\/\/desarrollo.grupomedios.com\/futbol\/wp-json\/wp\/v2\/media\/434482"}],"wp:attachment":[{"href":"http:\/\/desarrollo.grupomedios.com\/futbol\/wp-json\/wp\/v2\/media?parent=434481"}],"wp:term":[{"taxonomy":"category","embeddable":true,"href":"http:\/\/desarrollo.grupomedios.com\/futbol\/wp-json\/wp\/v2\/categories?post=434481"},{"taxonomy":"post_tag","embeddable":true,"href":"http:\/\/desarrollo.grupomedios.com\/futbol\/wp-json\/wp\/v2\/tags?post=434481"}],"curies":[{"name":"wp","href":"https:\/\/api.w.org\/{rel}","templated":true}]}}