{"id":434632,"date":"2016-10-09T11:23:24","date_gmt":"2016-10-09T16:23:24","guid":{"rendered":"https:\/\/www.futboltotal.com.mx\/?p=434632"},"modified":"2016-10-09T11:23:24","modified_gmt":"2016-10-09T16:23:24","slug":"arroyo-e-ibarra-deben-manutencion","status":"publish","type":"post","link":"http:\/\/desarrollo.grupomedios.com\/futbol\/futbol-mexicano\/arroyo-e-ibarra-deben-manutencion\/2016\/10","title":{"rendered":"Arroyo e Ibarra deben manutenci\u00f3n"},"content":{"rendered":"<p><strong>Michael Arroyo<\/strong> y <strong>Renato Ibarra<\/strong>, jugadores del CF Am\u00e9rica, est\u00e1n en el punto de mira junto a otros seis seleccionados de Ecuador, por no cubrir en tiempo y forma el pago de pensi\u00f3n alimenticia de sus hijos.<\/p>\n<p>En 2014, Arroyo fue demandado y desde entonces debe \u00a0cubrir una cuota durante los primeros d\u00edas de cada mes; sin embargo en lo que va de octubre no ha pagado y presenta un adeudo por una cifra de 661.44 d\u00f3lares (unos 12,751.00 pesos), seg\u00fan revela el portal ecuatoriano <em>Medios P\u00fablicos.<\/em><\/p>\n<p style=\"text-align: center;\"><a href=\"https:\/\/www.futboltotal.com.mx\/liga-mx\/\"><span style=\"color: #3366ff;\"><strong>LEER M\u00c1S: Todas las noticias de futbol mexicano<\/strong><\/span><\/a><\/p>\n<p>Por su parte, Renato Ibarra, adeuda los meses de enero, septiembre y octubre del a\u00f1o en curso por un total de 3 mil 684 d\u00f3lares (unos 71 mil pesos).<\/p>\n<p>De acuerdo con el medio citado, en la lista de deudores tambi\u00e9n est\u00e1n Cristian Ram\u00edrez, Daniel Angulo, Juan Carlos Paredes, Miler Bola\u00f1os, Pedro Qui\u00f1ones y Pedro Pablo Velasco y en suma deben cubrir una cuota de 87 mil 993 d\u00f3lares.<\/p>\n<p>&nbsp;<\/p>\n<p>&nbsp;<\/p>\n","protected":false},"excerpt":{"rendered":"<p>Los jugadores del Am\u00e9rica est\u00e1n en lista negra junto a seis ecuatorianos<\/p>\n","protected":false},"author":20,"featured_media":434633,"comment_status":"closed","ping_status":"closed","sticky":false,"template":"","format":"standard","meta":[],"categories":[5419,2198],"tags":[4775,7468],"_links":{"self":[{"href":"http:\/\/desarrollo.grupomedios.com\/futbol\/wp-json\/wp\/v2\/posts\/434632"}],"collection":[{"href":"http:\/\/desarrollo.grupomedios.com\/futbol\/wp-json\/wp\/v2\/posts"}],"about":[{"href":"http:\/\/desarrollo.grupomedios.com\/futbol\/wp-json\/wp\/v2\/types\/post"}],"author":[{"embeddable":true,"href":"http:\/\/desarrollo.grupomedios.com\/futbol\/wp-json\/wp\/v2\/users\/20"}],"replies":[{"embeddable":true,"href":"http:\/\/desarrollo.grupomedios.com\/futbol\/wp-json\/wp\/v2\/comments?post=434632"}],"version-history":[{"count":0,"href":"http:\/\/desarrollo.grupomedios.com\/futbol\/wp-json\/wp\/v2\/posts\/434632\/revisions"}],"wp:featuredmedia":[{"embeddable":true,"href":"http:\/\/desarrollo.grupomedios.com\/futbol\/wp-json\/wp\/v2\/media\/434633"}],"wp:attachment":[{"href":"http:\/\/desarrollo.grupomedios.com\/futbol\/wp-json\/wp\/v2\/media?parent=434632"}],"wp:term":[{"taxonomy":"category","embeddable":true,"href":"http:\/\/desarrollo.grupomedios.com\/futbol\/wp-json\/wp\/v2\/categories?post=434632"},{"taxonomy":"post_tag","embeddable":true,"href":"http:\/\/desarrollo.grupomedios.com\/futbol\/wp-json\/wp\/v2\/tags?post=434632"}],"curies":[{"name":"wp","href":"https:\/\/api.w.org\/{rel}","templated":true}]}}