{"id":434635,"date":"2016-10-09T11:38:44","date_gmt":"2016-10-09T16:38:44","guid":{"rendered":"https:\/\/www.futboltotal.com.mx\/?p=434635"},"modified":"2016-10-09T12:47:56","modified_gmt":"2016-10-09T17:47:56","slug":"james-rodriguez-recibe-amenazas-muerte","status":"publish","type":"post","link":"http:\/\/desarrollo.grupomedios.com\/futbol\/futbol-internacional\/james-rodriguez-recibe-amenazas-muerte\/2016\/10","title":{"rendered":"James Rodr\u00edguez recibe amenazas de muerte"},"content":{"rendered":"<p>Este domingo la madre del futbolista del Real Madrid, James Rodr\u00edguez,\u00a0ha denunciado en redes sociales las amenazas de muerte que ha recibido su hijo por parte de un grupo llamado la Legi\u00f3n Holk, mismo que est\u00e1 fichado por el FBI por presuntamente, trollear cuentas en redes sociales, amenazar y extorsionar por medio de internet, entre muchos otros delitos.<\/p>\n<p style=\"text-align: center;\"><a href=\"https:\/\/www.futboltotal.com.mx\/2016\/10\/james-se-une-a-ola-lesionados-del-real-madrid\/\"><strong>LEE M\u00c1S: James, otro lesionado del Real Madrid<\/strong><\/a><\/p>\n<p>La cuenta a trav\u00e9s de la cual se reciben las amenazas es @Frekeman. En ella luce el avatar de un ni\u00f1o, tiene apenas 27 tweets, sigue a 13 personas y cuenta con 186 seguidores, adem\u00e1s de que fue creada en este mes.<\/p>\n<p><em>\u201cEstoy viajando hacia tu casa vengo armado, desp\u00eddete de todo lo que amas #Legi\u00f3nHolk te vig\u00edla\u201d es lo que se puede leer en la primer amenaza, seguido de \u201cquieres ver c\u00f3mo hago que amanezca James muerto? Ya sabemos d\u00f3nde est\u00e1 ahora todo legi\u00f3n Holk y yo lo perseguiremos hasta matarlo\u201d.<\/em><\/p>\n<blockquote class=\"twitter-tweet\" data-lang=\"es\">\n<p dir=\"ltr\" lang=\"es\"><a href=\"https:\/\/twitter.com\/hashtag\/JamesVerguenzaNacional?src=hash\">#JamesVerguenzaNacional<\/a><br \/>\n<a href=\"https:\/\/twitter.com\/jamesdrodriguez\">@jamesdrodriguez<\/a> Estoy viajando hacia tu casa vengo armado , desp\u00eddete de todo lo que amas <a href=\"https:\/\/twitter.com\/hashtag\/Legi%C3%B3nHolk?src=hash\">#Legi\u00f3nHolk<\/a> te vigila. <a href=\"https:\/\/t.co\/4Bvz1Yq6ci\">pic.twitter.com\/4Bvz1Yq6ci<\/a><\/p>\n<p>\u2014 Freke Man (@FrekeMan) <a href=\"https:\/\/twitter.com\/FrekeMan\/status\/784887250320359426\">8 de octubre de 2016<\/a><\/p><\/blockquote>\n<p><script async src=\"\/\/platform.twitter.com\/widgets.js\" charset=\"utf-8\"><\/script><\/p>\n<p>La madre del colombiano no dud\u00f3 en publicar en su cuenta de twitter sobre las amenazas recibidas \u201c\u00bfQu\u00e9 le pasa a la gente, est\u00e1 loca? Me escriben un directo diciendo que es mejor verle muerto\u201d, escribe Pilar desde su cuenta personal.<\/p>\n<blockquote class=\"twitter-tweet\" data-lang=\"es\">\n<p dir=\"ltr\" lang=\"es\"><a href=\"https:\/\/twitter.com\/JuanFaickLH\">@JuanFaickLH<\/a> <a href=\"https:\/\/twitter.com\/Yolima666\">@Yolima666<\/a> ma\u00f1ana amanecer\u00e1 muerta est\u00e1 pendeja <a href=\"https:\/\/t.co\/kSt1DBcyUd\">pic.twitter.com\/kSt1DBcyUd<\/a><\/p>\n<p>\u2014 Freke Man (@FrekeMan) <a href=\"https:\/\/twitter.com\/FrekeMan\/status\/784919274884247552\">9 de octubre de 2016<\/a><\/p><\/blockquote>\n<p><script async src=\"\/\/platform.twitter.com\/widgets.js\" charset=\"utf-8\"><\/script><\/p>\n<p><strong>James<\/strong> estuvo con su selecci\u00f3n a pesar de estar lesionado, sin embargo, el mediocampista del Madrid ya est\u00e1 de regreso en su club para seguir con la rehabilitaci\u00f3n y volver lo m\u00e1s pronto posible a las canchas.<\/p>\n","protected":false},"excerpt":{"rendered":"<p>La madre del colombiano hizo la denuncia a trav\u00e9s de redes sociales<\/p>\n","protected":false},"author":20,"featured_media":434636,"comment_status":"closed","ping_status":"closed","sticky":false,"template":"","format":"standard","meta":[],"categories":[3839,5951],"tags":[6082,5988],"_links":{"self":[{"href":"http:\/\/desarrollo.grupomedios.com\/futbol\/wp-json\/wp\/v2\/posts\/434635"}],"collection":[{"href":"http:\/\/desarrollo.grupomedios.com\/futbol\/wp-json\/wp\/v2\/posts"}],"about":[{"href":"http:\/\/desarrollo.grupomedios.com\/futbol\/wp-json\/wp\/v2\/types\/post"}],"author":[{"embeddable":true,"href":"http:\/\/desarrollo.grupomedios.com\/futbol\/wp-json\/wp\/v2\/users\/20"}],"replies":[{"embeddable":true,"href":"http:\/\/desarrollo.grupomedios.com\/futbol\/wp-json\/wp\/v2\/comments?post=434635"}],"version-history":[{"count":0,"href":"http:\/\/desarrollo.grupomedios.com\/futbol\/wp-json\/wp\/v2\/posts\/434635\/revisions"}],"wp:featuredmedia":[{"embeddable":true,"href":"http:\/\/desarrollo.grupomedios.com\/futbol\/wp-json\/wp\/v2\/media\/434636"}],"wp:attachment":[{"href":"http:\/\/desarrollo.grupomedios.com\/futbol\/wp-json\/wp\/v2\/media?parent=434635"}],"wp:term":[{"taxonomy":"category","embeddable":true,"href":"http:\/\/desarrollo.grupomedios.com\/futbol\/wp-json\/wp\/v2\/categories?post=434635"},{"taxonomy":"post_tag","embeddable":true,"href":"http:\/\/desarrollo.grupomedios.com\/futbol\/wp-json\/wp\/v2\/tags?post=434635"}],"curies":[{"name":"wp","href":"https:\/\/api.w.org\/{rel}","templated":true}]}}