{"id":434639,"date":"2016-10-09T12:18:35","date_gmt":"2016-10-09T17:18:35","guid":{"rendered":"https:\/\/www.futboltotal.com.mx\/?p=434639"},"modified":"2016-10-09T12:44:06","modified_gmt":"2016-10-09T17:44:06","slug":"marsella-demandado-ex-dt","status":"publish","type":"post","link":"http:\/\/desarrollo.grupomedios.com\/futbol\/futbol-internacional\/marsella-demandado-ex-dt\/2016\/10","title":{"rendered":"Marsella es demandado por su ex DT"},"content":{"rendered":"<p>En 2015 el <strong>Olympique de Marsella<\/strong> anunci\u00f3 la llegada de Michel Gonz\u00e1lez como su nuevo DT, un a\u00f1o despu\u00e9s el club decidi\u00f3 prescindir de su contrato por \u201cmal comportamiento\u201d en sus \u00faltimas semanas como estratega del club franc\u00e9s. Michel fue despedido el 19 de Abril luego de varios encontronazos con el presidente del club.<\/p>\n<p style=\"text-align: center;\"><a href=\"https:\/\/www.futboltotal.com.mx\/2016\/08\/ponen-a-gignac-opcion-marsella\/\"><strong>LEE M\u00c1S: Ponen a Gignac como opci\u00f3n para Marsella<\/strong><\/a><\/p>\n<p>El t\u00e9cnico espa\u00f1ol ha levantado una demanda en contra del Marsella por la manera en la que se le despidi\u00f3, seg\u00fan ha declarado al Confidencial en una entrevista que se public\u00f3 este domingo.<\/p>\n<p>\u201c<em>Ha sido la peor experiencia que he tenido desde que comenc\u00e9 a ser entrenador. Lo que m\u00e1s rabia me dio fue que el presidente dijera que prescindi\u00f3 de mis servicios por mal comportamiento. La due\u00f1a del club y los empleados, con los que me llevaba fenomenalmente, pueden dar fe de que mi conducta dentro y fuera del campo siempre result\u00f3 correcta. Sin \u00e1nimo de presunci\u00f3n, ni como jugador ni como entrenador, me he portado mal en ning\u00fan club. Adem\u00e1s, como el presidente me ha despedido sin abonarme la totalidad del contrato, he tenido que presentar una demanda<\/em>\u201d. declar\u00f3 el espa\u00f1ol.<\/p>\n<blockquote class=\"twitter-tweet\" data-lang=\"es\">\n<p dir=\"ltr\" lang=\"es\">Siempre hay alguna raz\u00f3n para sonre\u00edr, s\u00f3lo hay que buscarla&#8230; \u00a1Feliz <a href=\"https:\/\/twitter.com\/hashtag\/DiaMundialdelaSonrisa?src=hash\">#DiaMundialdelaSonrisa<\/a>! <a href=\"https:\/\/t.co\/7MzkWHxitG\">pic.twitter.com\/7MzkWHxitG<\/a><\/p>\n<p>\u2014 Olympique Marseille (@OM_Espanol) <a href=\"https:\/\/twitter.com\/OM_Espanol\/status\/784314961791115264\">7 de octubre de 2016<\/a><\/p><\/blockquote>\n<p><script async src=\"\/\/platform.twitter.com\/widgets.js\" charset=\"utf-8\"><\/script><\/p>\n<p>En la actualidad el Marsella se encuentra en la parte baja de la tabla de la Ligue 1 en el puesto 14, a tan solo 3 puestos del descenso.<\/p>\n","protected":false},"excerpt":{"rendered":"<p>En 2015 el Olympique de Marsella anunci\u00f3 la llegada de Michel Gonz\u00e1lez como su nuevo DT, un a\u00f1o despu\u00e9s el club decidi\u00f3 prescindir de su contrato por \u201cmal comportamiento\u201d en sus \u00faltimas semanas como estratega del club franc\u00e9s. Michel fue despedido el 19 de Abril luego de varios encontronazos con el presidente del club. LEE [&hellip;]<\/p>\n","protected":false},"author":20,"featured_media":434640,"comment_status":"closed","ping_status":"closed","sticky":false,"template":"","format":"standard","meta":[],"categories":[3839,5951],"tags":[7470,7469],"_links":{"self":[{"href":"http:\/\/desarrollo.grupomedios.com\/futbol\/wp-json\/wp\/v2\/posts\/434639"}],"collection":[{"href":"http:\/\/desarrollo.grupomedios.com\/futbol\/wp-json\/wp\/v2\/posts"}],"about":[{"href":"http:\/\/desarrollo.grupomedios.com\/futbol\/wp-json\/wp\/v2\/types\/post"}],"author":[{"embeddable":true,"href":"http:\/\/desarrollo.grupomedios.com\/futbol\/wp-json\/wp\/v2\/users\/20"}],"replies":[{"embeddable":true,"href":"http:\/\/desarrollo.grupomedios.com\/futbol\/wp-json\/wp\/v2\/comments?post=434639"}],"version-history":[{"count":0,"href":"http:\/\/desarrollo.grupomedios.com\/futbol\/wp-json\/wp\/v2\/posts\/434639\/revisions"}],"wp:featuredmedia":[{"embeddable":true,"href":"http:\/\/desarrollo.grupomedios.com\/futbol\/wp-json\/wp\/v2\/media\/434640"}],"wp:attachment":[{"href":"http:\/\/desarrollo.grupomedios.com\/futbol\/wp-json\/wp\/v2\/media?parent=434639"}],"wp:term":[{"taxonomy":"category","embeddable":true,"href":"http:\/\/desarrollo.grupomedios.com\/futbol\/wp-json\/wp\/v2\/categories?post=434639"},{"taxonomy":"post_tag","embeddable":true,"href":"http:\/\/desarrollo.grupomedios.com\/futbol\/wp-json\/wp\/v2\/tags?post=434639"}],"curies":[{"name":"wp","href":"https:\/\/api.w.org\/{rel}","templated":true}]}}