{"id":434651,"date":"2016-10-09T14:39:22","date_gmt":"2016-10-09T19:39:22","guid":{"rendered":"https:\/\/www.futboltotal.com.mx\/?p=434651"},"modified":"2016-10-09T14:39:22","modified_gmt":"2016-10-09T19:39:22","slug":"ozil-regreso-al-real-madrid","status":"publish","type":"post","link":"http:\/\/desarrollo.grupomedios.com\/futbol\/futbol-internacional\/ozil-regreso-al-real-madrid\/2016\/10","title":{"rendered":"\u00d6zil, \u00bfde regreso al Real Madrid?"},"content":{"rendered":"<p>El mediocampista alem\u00e1n, <strong>Mesut \u00d6zil<\/strong>, podr\u00eda dejar el Arsenal y volver a la Liga para jugar de nueva cuenta con el Real Madrid.<\/p>\n<p>En Ingaterra este domingo la prensa revela que la directiva de los<em> Gunners<\/em> no tiene entre las prioridades renovar el contrato del internacional alem\u00e1n. De hecho, le ha dado carpetazo al tema, porque las pretensiones econ\u00f3micas del jugador son muy elevadas.<\/p>\n<p style=\"text-align: center;\"><span style=\"color: #3366ff;\"><strong>LEER M\u00c1S: Todas las noticias de futbol internacional<\/strong><\/span><\/p>\n<p>Y es que <strong>Mesut \u00d6zil<\/strong> desea ganar 14 millones de euros por a\u00f1o, una cifra que no est\u00e1 entro de los alcances del equipo, seg\u00fan revela el <em>Daily Express.\u00a0<\/em><\/p>\n<p>&#8220;El agente de \u00d6zil busca una renovaci\u00f3n millonaria con el Arsenal, pero si no lo consigue antes del verano el alem\u00e1n puede salir del equipo. Su destino ser\u00eda el Real Madrid y ya habr\u00eda contactos para tratar el regreso del jugador&#8221;, publica el diario.<\/p>\n<p>&nbsp;<\/p>\n<p>&#8220;Pero \u00d6zil tambi\u00e9n podr\u00eda volver a la Bundesliga y convertirse en uno de los nuevos fichajes del Bayern Munich&#8221;, agrega el rotativo.<\/p>\n<p>Cabe apuntar que el internacional alem\u00e1n jug\u00f3 cuatro temporadas en el Real Madrid \u00a0(2010-14) y se convirti\u00f3 en el mejor asistidor que tuvo el <em>crack<\/em> Cristiano Ronaldo, quien dijo: &#8220;Me sorprende que se vaya, el conoce mi juego y todos mis movimientos&#8221;.<\/p>\n<p>&nbsp;<\/p>\n","protected":false},"excerpt":{"rendered":"<p>El mediocampista alem\u00e1n saldr\u00eda del Arsenal antes de los esperado<\/p>\n","protected":false},"author":20,"featured_media":434667,"comment_status":"closed","ping_status":"closed","sticky":false,"template":"","format":"standard","meta":[],"categories":[3839,5951],"tags":[465],"_links":{"self":[{"href":"http:\/\/desarrollo.grupomedios.com\/futbol\/wp-json\/wp\/v2\/posts\/434651"}],"collection":[{"href":"http:\/\/desarrollo.grupomedios.com\/futbol\/wp-json\/wp\/v2\/posts"}],"about":[{"href":"http:\/\/desarrollo.grupomedios.com\/futbol\/wp-json\/wp\/v2\/types\/post"}],"author":[{"embeddable":true,"href":"http:\/\/desarrollo.grupomedios.com\/futbol\/wp-json\/wp\/v2\/users\/20"}],"replies":[{"embeddable":true,"href":"http:\/\/desarrollo.grupomedios.com\/futbol\/wp-json\/wp\/v2\/comments?post=434651"}],"version-history":[{"count":0,"href":"http:\/\/desarrollo.grupomedios.com\/futbol\/wp-json\/wp\/v2\/posts\/434651\/revisions"}],"wp:featuredmedia":[{"embeddable":true,"href":"http:\/\/desarrollo.grupomedios.com\/futbol\/wp-json\/wp\/v2\/media\/434667"}],"wp:attachment":[{"href":"http:\/\/desarrollo.grupomedios.com\/futbol\/wp-json\/wp\/v2\/media?parent=434651"}],"wp:term":[{"taxonomy":"category","embeddable":true,"href":"http:\/\/desarrollo.grupomedios.com\/futbol\/wp-json\/wp\/v2\/categories?post=434651"},{"taxonomy":"post_tag","embeddable":true,"href":"http:\/\/desarrollo.grupomedios.com\/futbol\/wp-json\/wp\/v2\/tags?post=434651"}],"curies":[{"name":"wp","href":"https:\/\/api.w.org\/{rel}","templated":true}]}}