{"id":434679,"date":"2016-10-09T15:21:54","date_gmt":"2016-10-09T20:21:54","guid":{"rendered":"https:\/\/www.futboltotal.com.mx\/?p=434679"},"modified":"2016-10-09T15:21:54","modified_gmt":"2016-10-09T20:21:54","slug":"goleador-del-napoli-sufre-terrible-lesion","status":"publish","type":"post","link":"http:\/\/desarrollo.grupomedios.com\/futbol\/futbol-internacional\/goleador-del-napoli-sufre-terrible-lesion\/2016\/10","title":{"rendered":"Goleador del Napoli sufre terrible lesi\u00f3n"},"content":{"rendered":"<p>El fichaje estelar del <strong>Napoli<\/strong>, <strong>Arkadiusz Milik<\/strong>, se rompi\u00f3 el ligamento cruzado de la rodilla izquierda en el partido disputado el s\u00e1bado con su selecci\u00f3n contra Dinamarca y ser\u00e1 operado este lunes en una cl\u00ednica de Roma.<\/p>\n<p><strong>Milik<\/strong> fue sustituido al finalizar la primera mitad del duelo de ayer y la resonancia magn\u00e9tica a la que se someti\u00f3 hoy detect\u00f3 una &#8220;lesi\u00f3n total del ligamento cruzado anterior de la rodilla izquierda&#8221;, seg\u00fan inform\u00f3 el Napoli mediante un comunicado en su p\u00e1gina web.<\/p>\n<p style=\"text-align: center;\"><span style=\"color: #3366ff;\"><strong>LEER M\u00c1S: Todas las noticias de futbol internacional<\/strong><\/span><\/p>\n<p><iframe loading=\"lazy\" src=\"https:\/\/www.youtube.com\/embed\/1cKLMlQvl7M?feature=oembed\" frameborder=\"0\" allowfullscreen><\/iframe><\/p>\n<p>El delantero polaco ser\u00e1 operado este lunes por el profesor Pier Paolo Mariani en la cl\u00ednica romana de Villa Stuart y estar\u00e1 de cinco a seis meses de baja.<\/p>\n<p>Milik, de 22 a\u00f1os, se lesion\u00f3 tras un choque con el defensa dan\u00e9s Jannick Vestergaard a cinco minutos del final de la primera mitad del partido del s\u00e1bado, pero sigui\u00f3 jugando hasta el descanso, cuando fue finalmente sustituido.<\/p>\n<p>Se trata de una p\u00e9sima noticia para el N\u00e1poles, ya que el delantero hab\u00eda marcado 7 goles en los primeros 9 partidos disputados (4 en la Serie A y 3 en la Liga de Campeones).<\/p>\n<p>El presidente, Aurelio De Laurentiis, visit\u00f3 hoy a Milik en Roma para &#8220;confortarle y desearle suerte para la operaci\u00f3n y su recuperaci\u00f3n&#8221;, inform\u00f3 el club napolitano.<\/p>\n","protected":false},"excerpt":{"rendered":"<p>El delantero polaco estar\u00e1 fuera de actividad seis meses<\/p>\n","protected":false},"author":20,"featured_media":434681,"comment_status":"closed","ping_status":"closed","sticky":false,"template":"","format":"standard","meta":[],"categories":[3839,3848,5951],"tags":[7472,160],"_links":{"self":[{"href":"http:\/\/desarrollo.grupomedios.com\/futbol\/wp-json\/wp\/v2\/posts\/434679"}],"collection":[{"href":"http:\/\/desarrollo.grupomedios.com\/futbol\/wp-json\/wp\/v2\/posts"}],"about":[{"href":"http:\/\/desarrollo.grupomedios.com\/futbol\/wp-json\/wp\/v2\/types\/post"}],"author":[{"embeddable":true,"href":"http:\/\/desarrollo.grupomedios.com\/futbol\/wp-json\/wp\/v2\/users\/20"}],"replies":[{"embeddable":true,"href":"http:\/\/desarrollo.grupomedios.com\/futbol\/wp-json\/wp\/v2\/comments?post=434679"}],"version-history":[{"count":0,"href":"http:\/\/desarrollo.grupomedios.com\/futbol\/wp-json\/wp\/v2\/posts\/434679\/revisions"}],"wp:featuredmedia":[{"embeddable":true,"href":"http:\/\/desarrollo.grupomedios.com\/futbol\/wp-json\/wp\/v2\/media\/434681"}],"wp:attachment":[{"href":"http:\/\/desarrollo.grupomedios.com\/futbol\/wp-json\/wp\/v2\/media?parent=434679"}],"wp:term":[{"taxonomy":"category","embeddable":true,"href":"http:\/\/desarrollo.grupomedios.com\/futbol\/wp-json\/wp\/v2\/categories?post=434679"},{"taxonomy":"post_tag","embeddable":true,"href":"http:\/\/desarrollo.grupomedios.com\/futbol\/wp-json\/wp\/v2\/tags?post=434679"}],"curies":[{"name":"wp","href":"https:\/\/api.w.org\/{rel}","templated":true}]}}