{"id":434733,"date":"2016-10-09T19:49:57","date_gmt":"2016-10-10T00:49:57","guid":{"rendered":"https:\/\/www.futboltotal.com.mx\/?p=434733"},"modified":"2016-10-09T19:49:57","modified_gmt":"2016-10-10T00:49:57","slug":"unico-club-habria-firmado-francesco-totti","status":"publish","type":"post","link":"http:\/\/desarrollo.grupomedios.com\/futbol\/futbol-internacional\/unico-club-habria-firmado-francesco-totti\/2016\/10","title":{"rendered":"El \u00fanico club con el que habr\u00eda firmado Francesco Totti"},"content":{"rendered":"<p>Pocas historias de amor en el futbol moderno como la de <strong>Francesco Totti<\/strong> y la <strong>AS Roma<\/strong>. En este 2016 se cumplen 24 a\u00f1os en los que<em> il Capitano<\/em> ha defendido con valent\u00eda y profesionalismo la camiseta del equipo de la capital italiana.<\/p>\n<p>Una vez m\u00e1s, <strong>Francesco Totti<\/strong> habl\u00f3 de lo cerca que estuvo de fichar con el <strong>Real Madrid<\/strong> hace algunas temporadas.<br \/>\n&#8220;El Real Madrid presion\u00f3 todo lo posible para ficharme. Es el \u00fanico equipo en el mundo al que me habr\u00eda ido, aunque lo hubiese hecho con tristeza por abandonar la <strong>Roma<\/strong>&#8220;, dijo en una entrevista para el prestigioso diario italiano <em>Corriere dello Sport<\/em>.<\/p>\n<p style=\"text-align: center;\"><span style=\"color: #3366ff;\"><a style=\"color: #3366ff;\" href=\"https:\/\/www.futboltotal.com.mx\/2016\/10\/5-momentos-en-la-carrera-de-raul-jimenez\/\" target=\"_blank\"><strong>LEER M\u00c1S: Cinco a\u00f1os de carrera de Ra\u00fal Jim\u00e9nez<\/strong><\/a><\/span><\/p>\n<p>A pesar de la tentaci\u00f3n de fichar con el cuadro espa\u00f1ol, el delantero italiano recibi\u00f3 el respaldo de las personas m\u00e1s cercanas a \u00e9l, y que lo convencieron de mantenerse con la <strong>Roma<\/strong> en aquel momento. &#8220;Lo estuve pensando mucho, de verdad. Sin embargo, mi familia, mi mujer y mis amigos me hicieron entender que me deb\u00eda quedar aqu\u00ed&#8221;.<\/p>\n<p>A sus 40 a\u00f1os, <strong>Francesco Totti<\/strong> est\u00e1 completando un inicio de temporada de ensue\u00f1o, con dos goles y dos asistencias en apenas cuatro partidos disputados al momento.<\/p>\n","protected":false},"excerpt":{"rendered":"<p>El italiano confiesa cu\u00e1l era su \u00fanica opci\u00f3n fuera de la Roma<\/p>\n","protected":false},"author":20,"featured_media":434735,"comment_status":"closed","ping_status":"closed","sticky":false,"template":"","format":"standard","meta":[],"categories":[3839,5951],"tags":[2619,320],"_links":{"self":[{"href":"http:\/\/desarrollo.grupomedios.com\/futbol\/wp-json\/wp\/v2\/posts\/434733"}],"collection":[{"href":"http:\/\/desarrollo.grupomedios.com\/futbol\/wp-json\/wp\/v2\/posts"}],"about":[{"href":"http:\/\/desarrollo.grupomedios.com\/futbol\/wp-json\/wp\/v2\/types\/post"}],"author":[{"embeddable":true,"href":"http:\/\/desarrollo.grupomedios.com\/futbol\/wp-json\/wp\/v2\/users\/20"}],"replies":[{"embeddable":true,"href":"http:\/\/desarrollo.grupomedios.com\/futbol\/wp-json\/wp\/v2\/comments?post=434733"}],"version-history":[{"count":0,"href":"http:\/\/desarrollo.grupomedios.com\/futbol\/wp-json\/wp\/v2\/posts\/434733\/revisions"}],"wp:featuredmedia":[{"embeddable":true,"href":"http:\/\/desarrollo.grupomedios.com\/futbol\/wp-json\/wp\/v2\/media\/434735"}],"wp:attachment":[{"href":"http:\/\/desarrollo.grupomedios.com\/futbol\/wp-json\/wp\/v2\/media?parent=434733"}],"wp:term":[{"taxonomy":"category","embeddable":true,"href":"http:\/\/desarrollo.grupomedios.com\/futbol\/wp-json\/wp\/v2\/categories?post=434733"},{"taxonomy":"post_tag","embeddable":true,"href":"http:\/\/desarrollo.grupomedios.com\/futbol\/wp-json\/wp\/v2\/tags?post=434733"}],"curies":[{"name":"wp","href":"https:\/\/api.w.org\/{rel}","templated":true}]}}