{"id":434811,"date":"2016-10-10T17:30:32","date_gmt":"2016-10-10T22:30:32","guid":{"rendered":"https:\/\/www.futboltotal.com.mx\/?p=434811"},"modified":"2016-10-10T19:24:06","modified_gmt":"2016-10-11T00:24:06","slug":"real-madrid-pierde-a-sergio-ramos","status":"publish","type":"post","link":"http:\/\/desarrollo.grupomedios.com\/futbol\/futbol-internacional\/real-madrid-pierde-a-sergio-ramos\/2016\/10","title":{"rendered":"Real Madrid pierde a Sergio Ramos"},"content":{"rendered":"<p>El defensa espa\u00f1ol <strong>Sergio Ramos<\/strong>, lesionado anoche en el triunfo de la selecci\u00f3n espa\u00f1ola en Albania (0-2), de clasificaci\u00f3n para el Mundial de Rusia 2018, sufre un esguince de grado II en el ligamento colateral medial de la rodilla izquierda.<\/p>\n<p><strong>Sergio\u00a0Ramos<\/strong>, que se tuvo que retirar en el minuto 79, tras regresar de madrugada con la seleccci\u00f3n, acudi\u00f3 a primera hora de la tarde a un hospital madrile\u00f1o, donde fue sometido a ex\u00e1menes m\u00e9dicos.<\/p>\n<p style=\"text-align: center;\"><a href=\"https:\/\/www.futboltotal.com.mx\/futbol-internacional\/\"><strong><span style=\"color: #3366ff;\">LEER M\u00c1S: Todas las noticias de futbol internacional<\/span><\/strong><\/a><\/p>\n<blockquote class=\"twitter-tweet\" data-lang=\"es\">\n<p dir=\"ltr\" lang=\"pt\">Parte m\u00e9dico de Sergio Ramos.<\/p>\n<p><a href=\"https:\/\/t.co\/P2JKv2L1HE\">https:\/\/t.co\/P2JKv2L1HE<\/a><a href=\"https:\/\/twitter.com\/hashtag\/RealMadrid?src=hash\">#RealMadrid<\/a> <a href=\"https:\/\/t.co\/r6nz7gHsHm\">pic.twitter.com\/r6nz7gHsHm<\/a><\/p>\n<p>\u2014 Real Madrid C. F. (@realmadrid) <a href=\"https:\/\/twitter.com\/realmadrid\/status\/785492757607505920\">10 de octubre de 2016<\/a><\/p><\/blockquote>\n<p><script async src=\"\/\/platform.twitter.com\/widgets.js\" charset=\"utf-8\"><\/script><br \/>\n&#8220;Tras las pruebas realizadas hoy a nuestro jugador <strong>Sergio\u00a0Ramos\u00a0<\/strong>en el Hospital Universitario Sanitas La Moraleja se le ha diagnosticado un esguince de Grado II en el ligamento colateral medial de su rodilla izquierda. Pendiente de evoluci\u00f3n&#8221;, figura en el parte m\u00e9dico ofrecido por el Real Madrid.<\/p>\n<p>El club no ha precisado el tiempo de recuperaci\u00f3n del jugador, pero se estima que estar\u00e1, al menos, un mes de baja.<\/p>\n<p>As\u00ed, se perder\u00e1 los dos pr\u00f3ximos partidos ligueros (Real Betis, Athletic Club Bilbao) y, en medio, el de Liga de Campeones del 18 del presente octubre contra el Legia Varsovia.<\/p>\n","protected":false},"excerpt":{"rendered":"<p>El capit\u00e1n se lesion\u00f3 en las eliminatorias mundialistas ante Albania<\/p>\n","protected":false},"author":20,"featured_media":434817,"comment_status":"closed","ping_status":"closed","sticky":false,"template":"","format":"standard","meta":[],"categories":[3839,3844,5951],"tags":[6020],"_links":{"self":[{"href":"http:\/\/desarrollo.grupomedios.com\/futbol\/wp-json\/wp\/v2\/posts\/434811"}],"collection":[{"href":"http:\/\/desarrollo.grupomedios.com\/futbol\/wp-json\/wp\/v2\/posts"}],"about":[{"href":"http:\/\/desarrollo.grupomedios.com\/futbol\/wp-json\/wp\/v2\/types\/post"}],"author":[{"embeddable":true,"href":"http:\/\/desarrollo.grupomedios.com\/futbol\/wp-json\/wp\/v2\/users\/20"}],"replies":[{"embeddable":true,"href":"http:\/\/desarrollo.grupomedios.com\/futbol\/wp-json\/wp\/v2\/comments?post=434811"}],"version-history":[{"count":0,"href":"http:\/\/desarrollo.grupomedios.com\/futbol\/wp-json\/wp\/v2\/posts\/434811\/revisions"}],"wp:featuredmedia":[{"embeddable":true,"href":"http:\/\/desarrollo.grupomedios.com\/futbol\/wp-json\/wp\/v2\/media\/434817"}],"wp:attachment":[{"href":"http:\/\/desarrollo.grupomedios.com\/futbol\/wp-json\/wp\/v2\/media?parent=434811"}],"wp:term":[{"taxonomy":"category","embeddable":true,"href":"http:\/\/desarrollo.grupomedios.com\/futbol\/wp-json\/wp\/v2\/categories?post=434811"},{"taxonomy":"post_tag","embeddable":true,"href":"http:\/\/desarrollo.grupomedios.com\/futbol\/wp-json\/wp\/v2\/tags?post=434811"}],"curies":[{"name":"wp","href":"https:\/\/api.w.org\/{rel}","templated":true}]}}