{"id":434854,"date":"2016-10-10T19:21:29","date_gmt":"2016-10-11T00:21:29","guid":{"rendered":"https:\/\/www.futboltotal.com.mx\/?p=434854"},"modified":"2016-10-10T19:21:29","modified_gmt":"2016-10-11T00:21:29","slug":"cambio-look-mario-balotelli","status":"publish","type":"post","link":"http:\/\/desarrollo.grupomedios.com\/futbol\/futbol-internacional\/cambio-look-mario-balotelli\/2016\/10","title":{"rendered":"El cambio de look de Mario Balotelli"},"content":{"rendered":"<p><strong>Mario Balotelli<\/strong> es, sin lugar a dudas, un personaje fuera de serie. Ya sea por lo que realiza dentro del terreno de juego o por sus andanzas lejos de las canchas, el italiano est\u00e1 siempre en la mira de prensa y afici\u00f3n.<\/p>\n<p>Luego de un par de a\u00f1os decepcionantes, <strong>Balotelli<\/strong> se uni\u00f3 para esta temporada al Nice de la Ligue 1, un movimiento que muchos interpretaron como un paso hacia atr\u00e1s en la carrera del atacante italiano, que hab\u00eda estado en clubes de mucho m\u00e1s prestigio.<\/p>\n<p style=\"text-align: center;\"><a href=\"https:\/\/www.futboltotal.com.mx\/futbol-internacional\/\"><span style=\"color: #3366ff;\"><strong>LEER M\u00c1S: Todas las noticias de futbol internacional<\/strong><\/span><\/a><\/p>\n<p>No obstante, el <em>Nene Malo<\/em> del futbol italiano ha sorprendido al inicio de la temporada, pues ha resultado una adici\u00f3n \u00fatil para el plantel franc\u00e9s: en los tres primeros encuentros que \u00a0ha disputado en la liga francesa, acumula ya cinco goles, que han contribuido a que su escuadra sume nueve puntos.<\/p>\n<p>Sin embargo, no todo ha sido perfecto, pues en el \u00faltimo juego, ante el Lorient (su equipo gan\u00f3 2-1), Mario se fue expulsado por doble amarilla en los \u00faltimos cinco minutos.<\/p>\n<p>Ahora, el italiano ha vuelto a estar en los medios por una de sus excentricidades, aunque esta vez no ha sido algo malo, sino m\u00e1s bien divertido.<br \/>\nEl ex atacante de equipos como el Mil\u00e1n y el Liverpool subi\u00f3 una foto a su cuenta de <em>Instagram<\/em>, en la que aparece con un curioso cambio de look.<\/p>\n<p>En la imagen, <strong>Balotelli<\/strong> aparece al estilo del <em>Pibe<\/em> Valderrama: con un abombado afro rubio y un bigote en el mismo tono.\u00a0En el mensaje que public\u00f3 con la foto, el italiano se limit\u00f3 a preguntar a sus seguidores si estaban a favor o no del <em>look.<\/em><\/p>\n<blockquote class=\"instagram-media\" style=\"background: #FFF; border: 0; border-radius: 3px; box-shadow: 0 0 1px 0 rgba(0,0,0,0.5),0 1px 10px 0 rgba(0,0,0,0.15); margin: 1px; max-width: 658px; padding: 0; width: calc(100% - 2px);\" data-instgrm-captioned=\"\" data-instgrm-version=\"7\">\n<div style=\"padding: 8px;\">\n<div style=\"background: #F8F8F8; line-height: 0; margin-top: 40px; padding: 50.0% 0; text-align: center; width: 100%;\"><\/div>\n<p style=\"margin: 8px 0 0 0; padding: 0 4px;\"><a style=\"color: #000; font-family: Arial,sans-serif; font-size: 14px; font-style: normal; font-weight: normal; line-height: 17px; text-decoration: none; word-wrap: break-word;\" href=\"https:\/\/www.instagram.com\/p\/BLWdCu4DLxC\/\" target=\"_blank\">Yea or nah? <\/a><\/p>\n<p style=\"color: #c9c8cd; font-family: Arial,sans-serif; font-size: 14px; line-height: 17px; margin-bottom: 0; margin-top: 8px; overflow: hidden; padding: 8px 0 7px; text-align: center; text-overflow: ellipsis; white-space: nowrap;\">A photo posted by Mario Balotelli (@mb459) on <time style=\"font-family: Arial,sans-serif; font-size: 14px; line-height: 17px;\" datetime=\"2016-10-09T17:38:39+00:00\">Oct 9, 2016 at 10:38am PDT<\/time><\/p>\n<\/div>\n<\/blockquote>\n<p><script async defer src=\"\/\/platform.instagram.com\/en_US\/embeds.js\"><\/script><\/p>\n","protected":false},"excerpt":{"rendered":"<p>El delantero italiano sorprendi\u00f3 con una peculiar fotograf\u00eda en redes sociales<\/p>\n","protected":false},"author":20,"featured_media":434855,"comment_status":"closed","ping_status":"closed","sticky":false,"template":"","format":"standard","meta":[],"categories":[3839],"tags":[6002],"_links":{"self":[{"href":"http:\/\/desarrollo.grupomedios.com\/futbol\/wp-json\/wp\/v2\/posts\/434854"}],"collection":[{"href":"http:\/\/desarrollo.grupomedios.com\/futbol\/wp-json\/wp\/v2\/posts"}],"about":[{"href":"http:\/\/desarrollo.grupomedios.com\/futbol\/wp-json\/wp\/v2\/types\/post"}],"author":[{"embeddable":true,"href":"http:\/\/desarrollo.grupomedios.com\/futbol\/wp-json\/wp\/v2\/users\/20"}],"replies":[{"embeddable":true,"href":"http:\/\/desarrollo.grupomedios.com\/futbol\/wp-json\/wp\/v2\/comments?post=434854"}],"version-history":[{"count":0,"href":"http:\/\/desarrollo.grupomedios.com\/futbol\/wp-json\/wp\/v2\/posts\/434854\/revisions"}],"wp:featuredmedia":[{"embeddable":true,"href":"http:\/\/desarrollo.grupomedios.com\/futbol\/wp-json\/wp\/v2\/media\/434855"}],"wp:attachment":[{"href":"http:\/\/desarrollo.grupomedios.com\/futbol\/wp-json\/wp\/v2\/media?parent=434854"}],"wp:term":[{"taxonomy":"category","embeddable":true,"href":"http:\/\/desarrollo.grupomedios.com\/futbol\/wp-json\/wp\/v2\/categories?post=434854"},{"taxonomy":"post_tag","embeddable":true,"href":"http:\/\/desarrollo.grupomedios.com\/futbol\/wp-json\/wp\/v2\/tags?post=434854"}],"curies":[{"name":"wp","href":"https:\/\/api.w.org\/{rel}","templated":true}]}}