{"id":434869,"date":"2016-10-10T21:37:46","date_gmt":"2016-10-11T02:37:46","guid":{"rendered":"https:\/\/www.futboltotal.com.mx\/?p=434869"},"modified":"2016-10-10T21:39:10","modified_gmt":"2016-10-11T02:39:10","slug":"ultimo-ensayo-del-tri-del-hexagonal","status":"publish","type":"post","link":"http:\/\/desarrollo.grupomedios.com\/futbol\/destacado-home\/ultimo-ensayo-del-tri-del-hexagonal\/2016\/10","title":{"rendered":"\u00daltimo ensayo de M\u00e9xico antes del Hexagonal"},"content":{"rendered":"<p><strong>M\u00e9xico<\/strong> y <strong>Panam\u00e1<\/strong> tienen el \u00faltimo ensayo a un mes de iniciar la prueba de fuego en el Hexagonal Final de la Concacaf rumbo a Rusia 2018. Se miden en Estados Unidos, sin plantel estelar, en un partido en el cual los entrenadores Juan Carlos Osorio y Hern\u00e1n Dar\u00edo G\u00f3mez alistan las rotaciones inevitablemente.<\/p>\n<p>El <em>Tri<\/em> no podr\u00e1 contar con Marco Fabi\u00e1n, quien regres\u00f3 a Alemania para incorporarse con el Eintracht Frankfurt, tampoco tendr\u00e1 minutos Alan Pulido despu\u00e9s de haber salido lesionado en uno de los entrenamientos. La baraja del colombiano es limitada. Esperan minutos Rodolfo Cota, Isaac Brizuela, Luis Robles, Jes\u00fas Due\u00f1as y, como la gran apuesta en el once inicial, el atacante \u00c9rick Guti\u00e9rrez.<\/p>\n<p style=\"text-align: center;\"><span style=\"color: #3366ff;\"><strong>LEER M\u00c1S: Todas las noticias de Selecci\u00f3n Mexicana<\/strong><\/span><\/p>\n<p>Caso similar tiene los\u00a0<em>Canaleros,\u00a0<\/em>que\u00a0tomar\u00e1n este duelo con mucha seriedad, a sabiendas de que recibir\u00e1n al<em> Tri<\/em> en la segunda fecha del Hexagonal con un cuadro totalmente distinto. De hecho, Dar\u00edo G\u00f3mez revel\u00f3 el once que utilizar\u00e1: Jos\u00e9 Calder\u00f3n; Michael Murillo, Azmahar Ariano, Fidel Escobar, Luis Ovalle; Am\u00edlcar Henr\u00edquez, Armando Cooper, Edgar B\u00e1rcenas, Jos\u00e9 <em class=\"mce\">Pibe<\/em> Gonz\u00e1lez, Josiel N\u00fa\u00f1ez; y como \u00fanico delantero Rolando Toro Blackburn.<\/p>\n<p>El duelo, con tintes de experimento, comienza a las 20:30 horas. \u00bfQui\u00e9n ser\u00e1 el vencedor?<\/p>\n<p><img decoding=\"async\" loading=\"lazy\" class=\"alignnone size-full wp-image-434874\" src=\"https:\/\/www.futboltotal.com.mx\/wp-content\/uploads\/2016\/10\/info1.jpg\" alt=\"info1\" srcset=\"http:\/\/desarrollo.grupomedios.com\/futbol\/wp-content\/uploads\/2016\/10\/info1.jpg 858w, http:\/\/desarrollo.grupomedios.com\/futbol\/wp-content\/uploads\/2016\/10\/info1-300x174.jpg 300w, http:\/\/desarrollo.grupomedios.com\/futbol\/wp-content\/uploads\/2016\/10\/info1-768x446.jpg 768w\" sizes=\"(max-width: 858px) 100vw, 858px\" \/><br \/>\n<a href=\"https:\/\/www.futboltotal.com.mx\/wp-content\/uploads\/2016\/10\/Screen-Shot-2016-10-10-at-8.59.55-PM.png\"><img decoding=\"async\" loading=\"lazy\" class=\"alignnone size-full wp-image-434871\" src=\"https:\/\/www.futboltotal.com.mx\/wp-content\/uploads\/2016\/10\/Screen-Shot-2016-10-10-at-8.59.55-PM.png\" alt=\"screen-shot-2016-10-10-at-8-59-55-pm\" srcset=\"http:\/\/desarrollo.grupomedios.com\/futbol\/wp-content\/uploads\/2016\/10\/Screen-Shot-2016-10-10-at-8.59.55-PM.png 859w, http:\/\/desarrollo.grupomedios.com\/futbol\/wp-content\/uploads\/2016\/10\/Screen-Shot-2016-10-10-at-8.59.55-PM-300x174.png 300w, http:\/\/desarrollo.grupomedios.com\/futbol\/wp-content\/uploads\/2016\/10\/Screen-Shot-2016-10-10-at-8.59.55-PM-768x445.png 768w\" sizes=\"(max-width: 859px) 100vw, 859px\" \/><\/a><br \/>\n<a href=\"https:\/\/www.futboltotal.com.mx\/wp-content\/uploads\/2016\/10\/Screen-Shot-2016-10-10-at-9.00.24-PM.png\"><img decoding=\"async\" loading=\"lazy\" class=\"alignnone size-full wp-image-434872\" src=\"https:\/\/www.futboltotal.com.mx\/wp-content\/uploads\/2016\/10\/Screen-Shot-2016-10-10-at-9.00.24-PM.png\" alt=\"screen-shot-2016-10-10-at-9-00-24-pm\" srcset=\"http:\/\/desarrollo.grupomedios.com\/futbol\/wp-content\/uploads\/2016\/10\/Screen-Shot-2016-10-10-at-9.00.24-PM.png 858w, http:\/\/desarrollo.grupomedios.com\/futbol\/wp-content\/uploads\/2016\/10\/Screen-Shot-2016-10-10-at-9.00.24-PM-300x174.png 300w, http:\/\/desarrollo.grupomedios.com\/futbol\/wp-content\/uploads\/2016\/10\/Screen-Shot-2016-10-10-at-9.00.24-PM-768x446.png 768w\" sizes=\"(max-width: 858px) 100vw, 858px\" \/><\/a><br \/>\n<a href=\"https:\/\/www.futboltotal.com.mx\/wp-content\/uploads\/2016\/10\/info4.jpg\"><img decoding=\"async\" loading=\"lazy\" class=\"alignnone size-full wp-image-434875\" src=\"https:\/\/www.futboltotal.com.mx\/wp-content\/uploads\/2016\/10\/info4.jpg\" alt=\"info4\" srcset=\"http:\/\/desarrollo.grupomedios.com\/futbol\/wp-content\/uploads\/2016\/10\/info4.jpg 858w, http:\/\/desarrollo.grupomedios.com\/futbol\/wp-content\/uploads\/2016\/10\/info4-300x197.jpg 300w, http:\/\/desarrollo.grupomedios.com\/futbol\/wp-content\/uploads\/2016\/10\/info4-768x505.jpg 768w\" sizes=\"(max-width: 858px) 100vw, 858px\" \/><img decoding=\"async\" loading=\"lazy\" class=\"alignnone size-full wp-image-434873\" src=\"https:\/\/www.futboltotal.com.mx\/wp-content\/uploads\/2016\/10\/Screen-Shot-2016-10-10-at-9.01.18-PM.png\" alt=\"screen-shot-2016-10-10-at-9-01-18-pm\" srcset=\"http:\/\/desarrollo.grupomedios.com\/futbol\/wp-content\/uploads\/2016\/10\/Screen-Shot-2016-10-10-at-9.01.18-PM.png 859w, http:\/\/desarrollo.grupomedios.com\/futbol\/wp-content\/uploads\/2016\/10\/Screen-Shot-2016-10-10-at-9.01.18-PM-300x140.png 300w, http:\/\/desarrollo.grupomedios.com\/futbol\/wp-content\/uploads\/2016\/10\/Screen-Shot-2016-10-10-at-9.01.18-PM-768x359.png 768w, http:\/\/desarrollo.grupomedios.com\/futbol\/wp-content\/uploads\/2016\/10\/Screen-Shot-2016-10-10-at-9.01.18-PM-858x402.png 858w\" sizes=\"(max-width: 859px) 100vw, 859px\" \/><\/a><\/p>\n","protected":false},"excerpt":{"rendered":"<p>El Tri se mide con un cuadro totalmente alternativo ante Canad\u00e1<\/p>\n","protected":false},"author":20,"featured_media":434870,"comment_status":"closed","ping_status":"closed","sticky":false,"template":"","format":"standard","meta":[],"categories":[5,2198,3847],"tags":[1610,65,625],"_links":{"self":[{"href":"http:\/\/desarrollo.grupomedios.com\/futbol\/wp-json\/wp\/v2\/posts\/434869"}],"collection":[{"href":"http:\/\/desarrollo.grupomedios.com\/futbol\/wp-json\/wp\/v2\/posts"}],"about":[{"href":"http:\/\/desarrollo.grupomedios.com\/futbol\/wp-json\/wp\/v2\/types\/post"}],"author":[{"embeddable":true,"href":"http:\/\/desarrollo.grupomedios.com\/futbol\/wp-json\/wp\/v2\/users\/20"}],"replies":[{"embeddable":true,"href":"http:\/\/desarrollo.grupomedios.com\/futbol\/wp-json\/wp\/v2\/comments?post=434869"}],"version-history":[{"count":0,"href":"http:\/\/desarrollo.grupomedios.com\/futbol\/wp-json\/wp\/v2\/posts\/434869\/revisions"}],"wp:featuredmedia":[{"embeddable":true,"href":"http:\/\/desarrollo.grupomedios.com\/futbol\/wp-json\/wp\/v2\/media\/434870"}],"wp:attachment":[{"href":"http:\/\/desarrollo.grupomedios.com\/futbol\/wp-json\/wp\/v2\/media?parent=434869"}],"wp:term":[{"taxonomy":"category","embeddable":true,"href":"http:\/\/desarrollo.grupomedios.com\/futbol\/wp-json\/wp\/v2\/categories?post=434869"},{"taxonomy":"post_tag","embeddable":true,"href":"http:\/\/desarrollo.grupomedios.com\/futbol\/wp-json\/wp\/v2\/tags?post=434869"}],"curies":[{"name":"wp","href":"https:\/\/api.w.org\/{rel}","templated":true}]}}