{"id":434885,"date":"2016-10-11T09:46:14","date_gmt":"2016-10-11T14:46:14","guid":{"rendered":"https:\/\/www.futboltotal.com.mx\/?p=434885"},"modified":"2016-10-11T09:46:55","modified_gmt":"2016-10-11T14:46:55","slug":"pique-no-se-siente-querido-xavi","status":"publish","type":"post","link":"http:\/\/desarrollo.grupomedios.com\/futbol\/futbol-internacional\/pique-no-se-siente-querido-xavi\/2016\/10","title":{"rendered":"Piqu\u00e9 no se siente querido: Xavi"},"content":{"rendered":"<p>El exjugador del Barcelona <strong>Xavi Hern\u00e1ndez<\/strong> ha dicho hoy entender perfectamente la decisi\u00f3n de su excompa\u00f1ero <strong>Gerard Piqu\u00e9<\/strong> de dejar la selecci\u00f3n espa\u00f1ola despu\u00e9s del Mundial de Rusia 2018, al no sentirse ni querido ni valorado.<\/p>\n<p>&#8220;Creo que est\u00e1 harto. Est\u00e1 desesperado, porque imag\u00ednate que vas a la selecci\u00f3n y no te sientes valorado, no te sientes querido, que te dicen que no tienes compromiso&#8221;, ha opinado en una entrevista al programa radiof\u00f3nico &#8220;El m\u00f3n a RAC1&#8221;.<\/p>\n<p>A <strong>Xavi<\/strong> le parece &#8220;muy bien&#8221; la decisi\u00f3n de <strong>Piqu\u00e9<\/strong> dejar de representar a Espa\u00f1a: &#8220;Tiene todo el derecho a decir que est\u00e1 cansado y que no quiere ir m\u00e1s&#8221;.<\/p>\n<p><span style=\"color: #3366ff;\"><a style=\"color: #3366ff;\" href=\"https:\/\/www.futboltotal.com.mx\/2016\/10\/pique-dejara-la-seleccion-tras-el-mundial\/\">LEER M\u00c1S: Piqu\u00e9 pone fecha a su retirada de la Selecci\u00f3n<\/a><\/span><\/p>\n<p>El central azulgrana ha estado en el ojo del hurac\u00e1n desde hace muchos meses, rodeado de pol\u00e9micas como la del pasado s\u00e1bado, cuando le acusaron de recortar las mangas de su camiseta en el partido contra Albania para que no se viera la bandera de Espa\u00f1a.<\/p>\n<p><strong>Xavi<\/strong> lo encuentra &#8220;todo absurdo&#8221; y cree que &#8220;se le da demasiada importancia a cuatro que hablan y dicen tonter\u00edas&#8221; en lugar de darle protagonismo al f\u00fatbol.<\/p>\n<p>&#8220;Da pereza, porque t\u00fa vas a la selecci\u00f3n con toda la ilusi\u00f3n del mundo para hacer bien las cosas. Sino, \u00bfpara qu\u00e9 vas? Estamos todos en el mismo barco&#8221;, ha apostillado.<\/p>\n<p>El de Terrassa ha recordado que tambi\u00e9n se puso en duda, en m\u00e1s de una ocasi\u00f3n, su compromiso y el de su excompa\u00f1ero en el <em>Bar\u00e7a<\/em> <strong>Carles Puyol<\/strong> con la selecci\u00f3n espa\u00f1ola: &#8220;<strong>Puyol<\/strong> y yo tambi\u00e9n lo sufrimos hace a\u00f1os. Los dos siempre hemos intentado estar al margen, pero <strong>Gerard<\/strong> est\u00e1 solo y ha sufrido mucho m\u00e1s que nosotros&#8221;.<\/p>\n<p>&#8220;A <strong>Gerard<\/strong> le gusta la pol\u00e9mica, pero una cosa es eso y la otra es faltar el respeto a un profesional. Cualquiera dir\u00eda que se ha quitado el escudo del pecho. Todos saben que vas a defender los colores de la selecci\u00f3n espa\u00f1ola. No hace falta que te quites la bandera para parecer que eres menos o que tienes menos compromiso. Es todo muy est\u00fapido&#8221;, ha concluido.<\/p>\n<p><span style=\"color: #3366ff;\"><a style=\"color: #3366ff;\" href=\"https:\/\/www.futboltotal.com.mx\/2016\/10\/espana-alcanza-racha-23-anos-invicto\/\">LEER M\u00c1S: \u00a1Espa\u00f1a alcanza racha de 23 a\u00f1os de invicto!<\/a><\/span><\/p>\n<p>&nbsp;<\/p>\n","protected":false},"excerpt":{"rendered":"<p>El retirado Xavi, era imprescindible para Espa\u00f1a y el Barcelona, al igual que Piqu\u00e9.<\/p>\n","protected":false},"author":144,"featured_media":434888,"comment_status":"closed","ping_status":"closed","sticky":false,"template":"","format":"standard","meta":[],"categories":[3839],"tags":[5984,253,6015,1726],"_links":{"self":[{"href":"http:\/\/desarrollo.grupomedios.com\/futbol\/wp-json\/wp\/v2\/posts\/434885"}],"collection":[{"href":"http:\/\/desarrollo.grupomedios.com\/futbol\/wp-json\/wp\/v2\/posts"}],"about":[{"href":"http:\/\/desarrollo.grupomedios.com\/futbol\/wp-json\/wp\/v2\/types\/post"}],"author":[{"embeddable":true,"href":"http:\/\/desarrollo.grupomedios.com\/futbol\/wp-json\/wp\/v2\/users\/144"}],"replies":[{"embeddable":true,"href":"http:\/\/desarrollo.grupomedios.com\/futbol\/wp-json\/wp\/v2\/comments?post=434885"}],"version-history":[{"count":0,"href":"http:\/\/desarrollo.grupomedios.com\/futbol\/wp-json\/wp\/v2\/posts\/434885\/revisions"}],"wp:featuredmedia":[{"embeddable":true,"href":"http:\/\/desarrollo.grupomedios.com\/futbol\/wp-json\/wp\/v2\/media\/434888"}],"wp:attachment":[{"href":"http:\/\/desarrollo.grupomedios.com\/futbol\/wp-json\/wp\/v2\/media?parent=434885"}],"wp:term":[{"taxonomy":"category","embeddable":true,"href":"http:\/\/desarrollo.grupomedios.com\/futbol\/wp-json\/wp\/v2\/categories?post=434885"},{"taxonomy":"post_tag","embeddable":true,"href":"http:\/\/desarrollo.grupomedios.com\/futbol\/wp-json\/wp\/v2\/tags?post=434885"}],"curies":[{"name":"wp","href":"https:\/\/api.w.org\/{rel}","templated":true}]}}