{"id":434890,"date":"2016-10-11T09:54:38","date_gmt":"2016-10-11T14:54:38","guid":{"rendered":"https:\/\/www.futboltotal.com.mx\/?p=434890"},"modified":"2016-10-11T09:54:38","modified_gmt":"2016-10-11T14:54:38","slug":"chicharito-hernandez-en-la-mira-del-valencia","status":"publish","type":"post","link":"http:\/\/desarrollo.grupomedios.com\/futbol\/destacado-home\/chicharito-hernandez-en-la-mira-del-valencia\/2016\/10","title":{"rendered":"Chicharito Hern\u00e1ndez en la mira del Valencia"},"content":{"rendered":"<p>Parece que el futuro de <strong>Javier Hern\u00e1ndez<\/strong> vuelve a estar en el centro de la atenci\u00f3n del el futbol europeo. Pese a que el delantero mexicano ha sido un \u00e9xito rotundo con el Bayer Leverkusen, hay rumores que indican que podr\u00eda abandonar a ese club.<\/p>\n<p>Luego de una campa\u00f1a sumamente exitosa, el <a href=\"https:\/\/www.futboltotal.com.mx\/2016\/05\/chicharito-a-la-caza-del-record-berbatov\/\" target=\"_blank\"><strong>Chicharito<\/strong> se convirti\u00f3 en uno de los \u00eddolos del Bayer<\/a>, con el que marc\u00f3 17 anotaciones en la Bundesliga pasada.<\/p>\n<p>Antes del arranque de esta nueva campa\u00f1a, corrieron versiones de que, tras las buenas actuaciones de Javier, otros clubes quer\u00edan llev\u00e1rselo. Sonaron equipos como Bayern y la Juventus, pero finalmente, el <strong>Chicharito<\/strong> permaneci\u00f3 en el cuadro de Leverkusen.<\/p>\n<p style=\"text-align: center;\"><a href=\"https:\/\/www.futboltotal.com.mx\/2016\/06\/las-10-cosas-querias-saber-javier-chicharito-hernandez\/\" target=\"_blank\"><span style=\"color: #3366ff;\">LEER M\u00c1S: Las 10 cosas que quer\u00edas saber sobre Chicharito Hern\u00e1ndez<\/span><\/a><\/p>\n<p>Ahora, sin embargo, han vuelto a correr versiones de que <strong>Javier Hern\u00e1ndez<\/strong> podr\u00eda salir del Bayer en el siguiente mercado de invierno. En esta ocasi\u00f3n, el cuadro que suena como posible destino para el mexicano es el Valencia.<\/p>\n<p>De acuerdo con reportes de medios como As y Fox Sports, el due\u00f1o del club espa\u00f1ol, Peter Lim, est\u00e1 dispuesto a pagar los 45 millones de euros de la cl\u00e1usula de rescisi\u00f3n del delantero mexicano, en un intento por fortalecer a su equipo, que en estos momentos est\u00e1 pas\u00e1ndola muy mal.<\/p>\n<p><a href=\"https:\/\/www.futboltotal.com.mx\/wp-content\/uploads\/2016\/10\/CHV.jpg\"><img decoding=\"async\" loading=\"lazy\" class=\"alignnone size-full wp-image-434893\" src=\"https:\/\/www.futboltotal.com.mx\/wp-content\/uploads\/2016\/10\/CHV.jpg\" alt=\"chv\" srcset=\"http:\/\/desarrollo.grupomedios.com\/futbol\/wp-content\/uploads\/2016\/10\/CHV.jpg 746w, http:\/\/desarrollo.grupomedios.com\/futbol\/wp-content\/uploads\/2016\/10\/CHV-241x300.jpg 241w\" sizes=\"(max-width: 746px) 100vw, 746px\" \/><\/a><\/p>\n<p>El Valencia est\u00e1 actualmente en la posici\u00f3n 18 en la tabla del campeonato espa\u00f1ol, por lo que est\u00e1 en la zona del descenso. De acuerdo con los reportes, Lim habr\u00eda mencionado al <strong>Chicharito<\/strong> como parte de las mejor\u00edas en el plantel que quiere hacer para el nuevo t\u00e9cnico del equipo, Cesare Prandelli.<\/p>\n<p style=\"text-align: center;\"><a href=\"https:\/\/www.futboltotal.com.mx\/2016\/04\/chicharito-hernandez-mexicano-magico\/\" target=\"_blank\"><span style=\"color: #3366ff;\">LEER M\u00c1S: Chicharito Hern\u00e1ndez, magia mexicana<\/span><\/a><\/p>\n<p>Pese a este supuesto inter\u00e9s, parece dif\u00edcil que el Leverkusen est\u00e9 dispuesto a desprenderse de su estrella mexicana, tanto por los claros beneficios futbol\u00edsticos que tiene, como por lo que la figura de <strong>Hern\u00e1ndez<\/strong> Balc\u00e1zar aporta en la internacionalizaci\u00f3n del equipo en Am\u00e9rica.<\/p>\n","protected":false},"excerpt":{"rendered":"<p>Javier Hern\u00e1ndez podr\u00eda dejar a su actual, club, el Bayer Leverkusen, para volver al futbol espa\u00f1ol<\/p>\n","protected":false},"author":20,"featured_media":434902,"comment_status":"closed","ping_status":"closed","sticky":false,"template":"","format":"standard","meta":[],"categories":[5,3839,6822,3844,6718],"tags":[4335,120,7007,549,427],"_links":{"self":[{"href":"http:\/\/desarrollo.grupomedios.com\/futbol\/wp-json\/wp\/v2\/posts\/434890"}],"collection":[{"href":"http:\/\/desarrollo.grupomedios.com\/futbol\/wp-json\/wp\/v2\/posts"}],"about":[{"href":"http:\/\/desarrollo.grupomedios.com\/futbol\/wp-json\/wp\/v2\/types\/post"}],"author":[{"embeddable":true,"href":"http:\/\/desarrollo.grupomedios.com\/futbol\/wp-json\/wp\/v2\/users\/20"}],"replies":[{"embeddable":true,"href":"http:\/\/desarrollo.grupomedios.com\/futbol\/wp-json\/wp\/v2\/comments?post=434890"}],"version-history":[{"count":0,"href":"http:\/\/desarrollo.grupomedios.com\/futbol\/wp-json\/wp\/v2\/posts\/434890\/revisions"}],"wp:featuredmedia":[{"embeddable":true,"href":"http:\/\/desarrollo.grupomedios.com\/futbol\/wp-json\/wp\/v2\/media\/434902"}],"wp:attachment":[{"href":"http:\/\/desarrollo.grupomedios.com\/futbol\/wp-json\/wp\/v2\/media?parent=434890"}],"wp:term":[{"taxonomy":"category","embeddable":true,"href":"http:\/\/desarrollo.grupomedios.com\/futbol\/wp-json\/wp\/v2\/categories?post=434890"},{"taxonomy":"post_tag","embeddable":true,"href":"http:\/\/desarrollo.grupomedios.com\/futbol\/wp-json\/wp\/v2\/tags?post=434890"}],"curies":[{"name":"wp","href":"https:\/\/api.w.org\/{rel}","templated":true}]}}