{"id":434900,"date":"2016-10-11T09:58:47","date_gmt":"2016-10-11T14:58:47","guid":{"rendered":"https:\/\/www.futboltotal.com.mx\/?p=434900"},"modified":"2016-10-11T10:02:21","modified_gmt":"2016-10-11T15:02:21","slug":"bernabeu-tendra-apellido","status":"publish","type":"post","link":"http:\/\/desarrollo.grupomedios.com\/futbol\/futbol-internacional\/bernabeu-tendra-apellido\/2016\/10","title":{"rendered":"El Bernab\u00e9u tendr\u00e1 un apellido m\u00e1s"},"content":{"rendered":"<p>El S<strong>antiago Bernab\u00e9u<\/strong>, que ser\u00e1 remodelado despu\u00e9s de que el <strong>Real Madrid<\/strong> y el ayuntamiento de la capital hayan suscrito un acuerdo que mejorar\u00e1 su entorno e impulsar\u00e1 su modernizaci\u00f3n, no cambiar\u00e1 su nombre, aunque &#8220;podr\u00eda tener un apellido&#8221;, seg\u00fan dijo el presidente del club, <strong>Florentino P\u00e9rez<\/strong>.<\/p>\n<p>&#8220;El estadio seguir\u00e1 llam\u00e1ndose <strong>Santiago Bernab\u00e9u<\/strong>, pero podr\u00eda tener un apellido como otros estadios en los que existen patrocinios que financian este tipo de infraestructuras&#8221;, dijo <strong>Florentino P\u00e9rez<\/strong>, que asegur\u00f3 que en el nuevo estadio se mantendr\u00e1 &#8220;el mismo aforo&#8221;.<\/p>\n<p><span style=\"color: #3366ff;\"><a style=\"color: #3366ff;\" href=\"https:\/\/www.futboltotal.com.mx\/2016\/10\/real-madrid-pierde-a-sergio-ramos\/\">LEER M\u00c1S: Real Madrid pierde a Sergio Ramos<\/a><\/span><\/p>\n<p>La obra de remodelaci\u00f3n del estadio y de mejora del entorno urbano tendr\u00e1 un coste de 400 millones de euros y se realizar\u00e1 tras someterse a un &#8220;procedimiento de licitaci\u00f3n p\u00fablica&#8221;.<\/p>\n<p><strong>Florentino P\u00e9rez<\/strong> no descart\u00f3 que en el terreno que posee el <strong>Real Madrid<\/strong> en la zona del estadio pueda haber un hotel, puesto que es una posibilidad que se valora, pero para la que hay que contar con la edificabilidad que tienen actualmente, puesto que no se puede aumentar.<\/p>\n<p>&#8220;Nadie dice que no pueda haber actividad comercial o un hotel. Seguimos teniendo los 125.000 metros cuadrados edificables y estamos valorando la posibilidad porque con la edificabilidad que tenemos hay que valorar la mejor opci\u00f3n&#8221;, confes\u00f3.<\/p>\n<p><strong>P\u00e9rez<\/strong> tambi\u00e9n desvel\u00f3 que del terreno que ahora ocupa el <strong>Bernab\u00e9u<\/strong> se va a liberar espacio sacando las oficinas a Valdebebas (8.000 metros cuadrados), eliminando la actividad del central comercial (10.000) y contando con otros cinco mil metros que no se hab\u00edan aprovechado.<\/p>\n<p><span style=\"color: #3366ff;\"><a style=\"color: #3366ff;\" href=\"https:\/\/www.futboltotal.com.mx\/2016\/10\/hugo-sanchez-mejor-jugador-cristiano-ronaldo-en-espana\/\">LEER M\u00c1S: Hugo S\u00e1nchez, mejor jugador que Cristiano en Espa\u00f1a<\/a><\/span><\/p>\n","protected":false},"excerpt":{"rendered":"<p>La remodelaci\u00f3n del estadio tendr\u00e1 un costo de 400 millones de euros.<\/p>\n","protected":false},"author":144,"featured_media":434903,"comment_status":"closed","ping_status":"closed","sticky":false,"template":"","format":"standard","meta":[],"categories":[3839,3844],"tags":[491,5988,901],"_links":{"self":[{"href":"http:\/\/desarrollo.grupomedios.com\/futbol\/wp-json\/wp\/v2\/posts\/434900"}],"collection":[{"href":"http:\/\/desarrollo.grupomedios.com\/futbol\/wp-json\/wp\/v2\/posts"}],"about":[{"href":"http:\/\/desarrollo.grupomedios.com\/futbol\/wp-json\/wp\/v2\/types\/post"}],"author":[{"embeddable":true,"href":"http:\/\/desarrollo.grupomedios.com\/futbol\/wp-json\/wp\/v2\/users\/144"}],"replies":[{"embeddable":true,"href":"http:\/\/desarrollo.grupomedios.com\/futbol\/wp-json\/wp\/v2\/comments?post=434900"}],"version-history":[{"count":0,"href":"http:\/\/desarrollo.grupomedios.com\/futbol\/wp-json\/wp\/v2\/posts\/434900\/revisions"}],"wp:featuredmedia":[{"embeddable":true,"href":"http:\/\/desarrollo.grupomedios.com\/futbol\/wp-json\/wp\/v2\/media\/434903"}],"wp:attachment":[{"href":"http:\/\/desarrollo.grupomedios.com\/futbol\/wp-json\/wp\/v2\/media?parent=434900"}],"wp:term":[{"taxonomy":"category","embeddable":true,"href":"http:\/\/desarrollo.grupomedios.com\/futbol\/wp-json\/wp\/v2\/categories?post=434900"},{"taxonomy":"post_tag","embeddable":true,"href":"http:\/\/desarrollo.grupomedios.com\/futbol\/wp-json\/wp\/v2\/tags?post=434900"}],"curies":[{"name":"wp","href":"https:\/\/api.w.org\/{rel}","templated":true}]}}