{"id":434914,"date":"2016-10-11T10:35:43","date_gmt":"2016-10-11T15:35:43","guid":{"rendered":"https:\/\/www.futboltotal.com.mx\/?p=434914"},"modified":"2016-10-11T10:35:43","modified_gmt":"2016-10-11T15:35:43","slug":"casemiro-real-madrid-elogio-a-sergio-busquets","status":"publish","type":"post","link":"http:\/\/desarrollo.grupomedios.com\/futbol\/futbol-internacional\/casemiro-real-madrid-elogio-a-sergio-busquets\/2016\/10","title":{"rendered":"Jugador del Real Madrid elogia a Sergio Busquets"},"content":{"rendered":"<p>El mediocampista del <strong>Real Madrid<\/strong>, <strong>Casemiro<\/strong>, se encarg\u00f3 de elogiar al jugador del <strong>Barcelona<\/strong>, <strong>Sergio Busquets<\/strong> y lo consider\u00f3 como uno de los mejores jugadores en su posici\u00f3n.<\/p>\n<p>En una entrevista para\u00a0<em>El Transistor<\/em>, del canal\u00a0<em>Onda Cero,\u00a0<\/em>el brasile\u00f1o puso al medio de contenci\u00f3n espa\u00f1ol en el top tres de los mejores jugadores en esa posici\u00f3n.<\/p>\n<blockquote><p>&#8220;De fuera, de los jugadores de mi posici\u00f3n me gustan <strong>Sergio\u00a0Busquets<\/strong>, Gabi y Xabi Alonso, del que aprend\u00ed mucho. De <b>Busquets<\/b> podr\u00eda aprender su salida de bal\u00f3n,su posicionamiento en el campo,su equilibrio; en su posici\u00f3n es top 3\u201d, confes\u00f3.<\/p><\/blockquote>\n<p>Adem\u00e1s, el jugador\u00a0<em>Merengue\u00a0<\/em>tambi\u00e9n hablo sobre la lesi\u00f3n que sufri\u00f3 su compa\u00f1ero Sergio Ramos y lament\u00f3 que el equipo haya tenido tantas lesiones.\u00a0\u201cHe hablado un poquito con Sergio. Est\u00e1 animado, es un jugador de car\u00e1cter y quiere volver cuanto antes. Hemos tenido mala suerte, pues tambi\u00e9n se han lesionadoMarcelo, Modric y ahora Sergio\u201d.<\/p>\n<p style=\"text-align: center;\"><strong><span style=\"color: #3366ff;\">LEER M\u00c1S:\u00a0<a style=\"color: #3366ff;\" href=\"https:\/\/www.futboltotal.com.mx\/2016\/10\/bernabeu-tendra-apellido\/\">El Bernab\u00e9u tendr\u00e1 un apellido m\u00e1s<\/a><\/span><\/strong><\/p>\n","protected":false},"excerpt":{"rendered":"<p>Casemiro dijo que el espa\u00f1ol est\u00e1 en el top tres del mundo<\/p>\n","protected":false},"author":20,"featured_media":434917,"comment_status":"closed","ping_status":"closed","sticky":false,"template":"","format":"standard","meta":[],"categories":[3839,5951],"tags":[6031],"_links":{"self":[{"href":"http:\/\/desarrollo.grupomedios.com\/futbol\/wp-json\/wp\/v2\/posts\/434914"}],"collection":[{"href":"http:\/\/desarrollo.grupomedios.com\/futbol\/wp-json\/wp\/v2\/posts"}],"about":[{"href":"http:\/\/desarrollo.grupomedios.com\/futbol\/wp-json\/wp\/v2\/types\/post"}],"author":[{"embeddable":true,"href":"http:\/\/desarrollo.grupomedios.com\/futbol\/wp-json\/wp\/v2\/users\/20"}],"replies":[{"embeddable":true,"href":"http:\/\/desarrollo.grupomedios.com\/futbol\/wp-json\/wp\/v2\/comments?post=434914"}],"version-history":[{"count":0,"href":"http:\/\/desarrollo.grupomedios.com\/futbol\/wp-json\/wp\/v2\/posts\/434914\/revisions"}],"wp:featuredmedia":[{"embeddable":true,"href":"http:\/\/desarrollo.grupomedios.com\/futbol\/wp-json\/wp\/v2\/media\/434917"}],"wp:attachment":[{"href":"http:\/\/desarrollo.grupomedios.com\/futbol\/wp-json\/wp\/v2\/media?parent=434914"}],"wp:term":[{"taxonomy":"category","embeddable":true,"href":"http:\/\/desarrollo.grupomedios.com\/futbol\/wp-json\/wp\/v2\/categories?post=434914"},{"taxonomy":"post_tag","embeddable":true,"href":"http:\/\/desarrollo.grupomedios.com\/futbol\/wp-json\/wp\/v2\/tags?post=434914"}],"curies":[{"name":"wp","href":"https:\/\/api.w.org\/{rel}","templated":true}]}}