{"id":434922,"date":"2016-10-11T11:43:47","date_gmt":"2016-10-11T16:43:47","guid":{"rendered":"https:\/\/www.futboltotal.com.mx\/?p=434922"},"modified":"2016-10-11T13:40:49","modified_gmt":"2016-10-11T18:40:49","slug":"ricardo-la-volpe-descarta-refuerzos-america-en-mundial-clubes","status":"publish","type":"post","link":"http:\/\/desarrollo.grupomedios.com\/futbol\/destacado-home\/ricardo-la-volpe-descarta-refuerzos-america-en-mundial-clubes\/2016\/10","title":{"rendered":"Am\u00e9rica, \u00bfsin refuerzos para el Mundial de Clubes?"},"content":{"rendered":"<p>En los \u00faltimos meses <span style=\"color: #ff0000;\"><a style=\"color: #ff0000;\" href=\"http:\/\/futboltotal.com.mx\/equipos\/america\/\">Am\u00e9rica<\/a><\/span> se ha convertido en un hospital, pues las lesiones no le han permitido tener el plantel completo ni al ex entrenador Ignacio Ambriz y ahora <strong>Ricardo La Volpe<\/strong>, quien sufri\u00f3 la \u00faltima baja con la <span style=\"color: #ff0000;\"><a style=\"color: #ff0000;\" href=\"https:\/\/www.futboltotal.com.mx\/2016\/09\/paul-aguilar-seis-meses\/\" target=\"_blank\">rotura de ligamentos de Pa\u00fal Aguilar<\/a><\/span>.<\/p>\n<p>Ante ello y con el cierre del Apertura 2016 y el <strong>Mundial de Clubes<\/strong> cerca, el t\u00e9cnico argentino ha rechazado que vayan a buscar refuerzos y asegur\u00f3 que jugar\u00e1 con el plantel que tiene.<\/p>\n<blockquote><p>&#8220;No se puede, ya lo averiguamos y no se puede ni con la lesi\u00f3n de Paul Aguilar, pero es mejor, de ese modo no le quitamos la posibilidad de competir a los jugadores que ya tengo aqu\u00ed. Tengo un equipo muy competitivo y debo hacerles entender que esto es un juego en conjunto y no de individualismos. Los jugadores que tengo los pondr\u00e9 en posiciones donde se puedan lucir&#8221;.<\/p><\/blockquote>\n<p>Ante las lesiones que tiene <strong>Am\u00e9rica<\/strong>, <strong>La Volpe<\/strong> coment\u00f3 que los j\u00f3venes tendr\u00e1n posibilidades de jugar si tienen nivel para estar en la cancha y puso como ejemplo al canterano Rossel.\u00a0&#8220;Si yo veo un jovencito que destaque o que sobresale, como es el caso de Rosell, conmigo juega, ese es el mensaje que le mand\u00e9 a los j\u00f3venes. Los jugadores deben tener las condiciones natas, la mentalidad y el car\u00e1cter&#8221;, coment\u00f3 en entrevista para el portal <em>Juanfutbol<\/em>.<\/p>\n<p style=\"text-align: center;\"><strong><span style=\"color: #3366ff;\">LEER M\u00c1S:\u00a0<a style=\"color: #3366ff;\" href=\"https:\/\/www.futboltotal.com.mx\/2016\/10\/centenario-club-america-vuelo-del-siglo-capitulo-9\/\">Centenario club Am\u00e9rica | El vuelo del siglo | Capitulo 9<\/a><\/span><\/strong><\/p>\n<p>El t\u00e9cnico de las\u00a0<em>\u00c1guilas\u00a0<\/em>tambi\u00e9n se mostr\u00f3 entusiasmado por enfrentar al Real Madrid en el <strong>Mundial de Clubes<\/strong>, aunque sabe que primero tiene que pasar a su rival en la ronda anterior.<\/p>\n<blockquote><p>&#8220;Me gustar\u00eda enfrentar al <strong>Real Madrid<\/strong> pero hay que ir paso a paso, la gente quiere ver al <strong>Am\u00e9rica<\/strong> frente al Madrid. Hay que tener cuidado, el mundial pasado quedaron fuera, hay que tomar en cuenta que en ese torneo est\u00e1n los mejores del mundo sin importar si son asi\u00e1ticos, europeos o africanos. Vamos a trabajar con inteligencia para demostrar la calidad del futbol mexicano&#8221;.<\/p><\/blockquote>\n","protected":false},"excerpt":{"rendered":"<p>Los jovenes contar\u00e1n con confianza del t\u00e9cnico argentino<\/p>\n","protected":false},"author":20,"featured_media":431442,"comment_status":"closed","ping_status":"closed","sticky":false,"template":"","format":"standard","meta":[],"categories":[5,2198,3845],"tags":[],"_links":{"self":[{"href":"http:\/\/desarrollo.grupomedios.com\/futbol\/wp-json\/wp\/v2\/posts\/434922"}],"collection":[{"href":"http:\/\/desarrollo.grupomedios.com\/futbol\/wp-json\/wp\/v2\/posts"}],"about":[{"href":"http:\/\/desarrollo.grupomedios.com\/futbol\/wp-json\/wp\/v2\/types\/post"}],"author":[{"embeddable":true,"href":"http:\/\/desarrollo.grupomedios.com\/futbol\/wp-json\/wp\/v2\/users\/20"}],"replies":[{"embeddable":true,"href":"http:\/\/desarrollo.grupomedios.com\/futbol\/wp-json\/wp\/v2\/comments?post=434922"}],"version-history":[{"count":0,"href":"http:\/\/desarrollo.grupomedios.com\/futbol\/wp-json\/wp\/v2\/posts\/434922\/revisions"}],"wp:featuredmedia":[{"embeddable":true,"href":"http:\/\/desarrollo.grupomedios.com\/futbol\/wp-json\/wp\/v2\/media\/431442"}],"wp:attachment":[{"href":"http:\/\/desarrollo.grupomedios.com\/futbol\/wp-json\/wp\/v2\/media?parent=434922"}],"wp:term":[{"taxonomy":"category","embeddable":true,"href":"http:\/\/desarrollo.grupomedios.com\/futbol\/wp-json\/wp\/v2\/categories?post=434922"},{"taxonomy":"post_tag","embeddable":true,"href":"http:\/\/desarrollo.grupomedios.com\/futbol\/wp-json\/wp\/v2\/tags?post=434922"}],"curies":[{"name":"wp","href":"https:\/\/api.w.org\/{rel}","templated":true}]}}