{"id":434923,"date":"2016-10-11T11:09:22","date_gmt":"2016-10-11T16:09:22","guid":{"rendered":"https:\/\/www.futboltotal.com.mx\/?p=434923"},"modified":"2016-10-11T11:49:03","modified_gmt":"2016-10-11T16:49:03","slug":"televisa-comete-pifia-contra-luchador-aclara-error","status":"publish","type":"post","link":"http:\/\/desarrollo.grupomedios.com\/futbol\/no-todo-es-futbol\/televisa-comete-pifia-contra-luchador-aclara-error\/2016\/10","title":{"rendered":"Televisa comete pifia contra luchador"},"content":{"rendered":"<p>El noticiario <em>10 En Punto<\/em>, conducido por <strong>Denise Maerker<\/strong>, present\u00f3 un reportaje donde dio a conocer, que en el penal de Santa Martha Acatitla, se llevaba a cabo un taller impartido por <strong>La Parka<\/strong> de los a\u00f1os 90; sin embargo, el luchador original, desminit\u00f3 la informaci\u00f3n de la conductora.<\/p>\n<blockquote class=\"twitter-tweet\" data-lang=\"es\">\n<p dir=\"ltr\" lang=\"es\">Lo organiza V\u00edctor Franco, quien se present\u00f3 como uno de los luchadores que represent\u00f3 a <a href=\"https:\/\/twitter.com\/hashtag\/LaParka?src=hash\">#LaParka<\/a> en los a\u00f1os 90<\/p>\n<p>\u2014 Denise Maerker (@DeniseMaerker) <a href=\"https:\/\/twitter.com\/DeniseMaerker\/status\/785681289923801089\">11 de octubre de 2016<\/a><\/p><\/blockquote>\n<p><script async src=\"\/\/platform.twitter.com\/widgets.js\" charset=\"utf-8\"><\/script><\/p>\n<p>Quien realmente imparte el taller en Santa Martha Acatitla, es V\u00edctor Franco, recluso que particip\u00f3 en el casting para utilizar el nombre de <strong>La Parka<\/strong>, pero la empresa de lucha libre decidi\u00f3 darle el nombre del personaje a Adolfo Tapia, quien actualmente pelea con el nombre de L.A.Park.<\/p>\n<p style=\"text-align: center;\"><span style=\"color: #3366ff;\"><a style=\"color: #3366ff;\" href=\"https:\/\/www.futboltotal.com.mx\/2016\/10\/decio-maria-en-la-mira-del-comite-olimpico-mexicano\/\" target=\"_blank\"><strong>LEER M\u00c1S: Decio de Mar\u00eda, en la mira del COM<\/strong><\/a><\/span><\/p>\n<p>Todo el asunto se debe, a que la conductora de <strong>Televisa<\/strong> dio por hecho que <strong>La Parka<\/strong> original estaba en la c\u00e1rcel, pero Adolfo Tapia jam\u00e1s estuvo preso y no quiso que se manchara la imagen del gladiador huesudo que \u00e9l encarn\u00f3, en la d\u00e9cada de 1990.<\/p>\n<p>Es por ello que Adolfo Tapia exigi\u00f3 una disculpa de <strong>Denise Maerker<\/strong>, por haber dado una informaci\u00f3n falsa; y aunque la conductora no pidi\u00f3 perd\u00f3n, s\u00ed ampli\u00f3 la informaci\u00f3n, explicando que hubo un casting para el personaje en el que particip\u00f3 el ahora recluso V\u00edctor Franco.<\/p>\n<blockquote class=\"twitter-tweet\" data-lang=\"es\">\n<p dir=\"ltr\" lang=\"es\">Adolfo Tapia, <a href=\"https:\/\/twitter.com\/hashtag\/LaParka?src=hash\">#LaParka<\/a> original, pidi\u00f3 que <a href=\"https:\/\/twitter.com\/hashtag\/10EnPunto?src=hash\">#10EnPunto<\/a> aclarara que \u00e9l nunca ha estado preso y en el video de la lucha es \u00e9l quien aparece<\/p>\n<p>\u2014 Denise Maerker (@DeniseMaerker) <a href=\"https:\/\/twitter.com\/DeniseMaerker\/status\/785681603129323520\">11 de octubre de 2016<\/a><\/p><\/blockquote>\n<p><script async src=\"\/\/platform.twitter.com\/widgets.js\" charset=\"utf-8\"><\/script><\/p>\n<blockquote class=\"twitter-video\" data-lang=\"es\">\n<p dir=\"ltr\" lang=\"es\">Adolfo Tapia, la original &#8216;Parka&#8217;, aclara que no es \u00e9l quien est\u00e1 preso por secuestro en Santa Martha <a href=\"https:\/\/twitter.com\/hashtag\/10EnPunto?src=hash\">#10EnPunto<\/a> <a href=\"https:\/\/twitter.com\/DeniseMaerker\">@DeniseMaerker<\/a> <a href=\"https:\/\/t.co\/fI8AcvlUuq\">pic.twitter.com\/fI8AcvlUuq<\/a><\/p>\n<p>\u2014 Noticieros Televisa (@NTelevisa_com) <a href=\"https:\/\/twitter.com\/NTelevisa_com\/status\/785705309675278336\">11 de octubre de 2016<\/a><\/p><\/blockquote>\n<p><script async src=\"\/\/platform.twitter.com\/widgets.js\" charset=\"utf-8\"><\/script><\/p>\n<p>Adem\u00e1s, el portal de <em>Superluchas<\/em> aclar\u00f3 que V\u00edctor Franco jam\u00e1s us\u00f3 el nombre de La Parka de manera oficial, e inclusive, pele\u00f3 con el nombre de otros luchadores, &#8220;en el barrio&#8221;.<\/p>\n","protected":false},"excerpt":{"rendered":"<p>Noticiario da informaci\u00f3n err\u00f3nea sobre La Parka<\/p>\n","protected":false},"author":20,"featured_media":434924,"comment_status":"closed","ping_status":"closed","sticky":false,"template":"","format":"standard","meta":[],"categories":[5419,5418,6411],"tags":[5460,5771,4722],"_links":{"self":[{"href":"http:\/\/desarrollo.grupomedios.com\/futbol\/wp-json\/wp\/v2\/posts\/434923"}],"collection":[{"href":"http:\/\/desarrollo.grupomedios.com\/futbol\/wp-json\/wp\/v2\/posts"}],"about":[{"href":"http:\/\/desarrollo.grupomedios.com\/futbol\/wp-json\/wp\/v2\/types\/post"}],"author":[{"embeddable":true,"href":"http:\/\/desarrollo.grupomedios.com\/futbol\/wp-json\/wp\/v2\/users\/20"}],"replies":[{"embeddable":true,"href":"http:\/\/desarrollo.grupomedios.com\/futbol\/wp-json\/wp\/v2\/comments?post=434923"}],"version-history":[{"count":0,"href":"http:\/\/desarrollo.grupomedios.com\/futbol\/wp-json\/wp\/v2\/posts\/434923\/revisions"}],"wp:featuredmedia":[{"embeddable":true,"href":"http:\/\/desarrollo.grupomedios.com\/futbol\/wp-json\/wp\/v2\/media\/434924"}],"wp:attachment":[{"href":"http:\/\/desarrollo.grupomedios.com\/futbol\/wp-json\/wp\/v2\/media?parent=434923"}],"wp:term":[{"taxonomy":"category","embeddable":true,"href":"http:\/\/desarrollo.grupomedios.com\/futbol\/wp-json\/wp\/v2\/categories?post=434923"},{"taxonomy":"post_tag","embeddable":true,"href":"http:\/\/desarrollo.grupomedios.com\/futbol\/wp-json\/wp\/v2\/tags?post=434923"}],"curies":[{"name":"wp","href":"https:\/\/api.w.org\/{rel}","templated":true}]}}