{"id":434964,"date":"2016-10-11T15:10:56","date_gmt":"2016-10-11T20:10:56","guid":{"rendered":"https:\/\/www.futboltotal.com.mx\/?p=434964"},"modified":"2016-10-11T15:10:56","modified_gmt":"2016-10-11T20:10:56","slug":"paolo-maldini-rechaza-al-milan","status":"publish","type":"post","link":"http:\/\/desarrollo.grupomedios.com\/futbol\/futbol-internacional\/paolo-maldini-rechaza-al-milan\/2016\/10","title":{"rendered":"\u00a1Paolo Maldini rechaza al Milan!"},"content":{"rendered":"<p>El excapit\u00e1n del <strong>Milan,<\/strong> <strong>Paolo Maldini<\/strong> rechaz\u00f3 este martes el rol de director t\u00e9cnico del club milan\u00e9s alegando que tiene que &#8220;respetar los valores&#8221; en los que bas\u00f3 su vida y que no puede aceptar un cargo &#8220;sin saber cu\u00e1les son las responsabilidades&#8221;.<\/p>\n<p>Maldini public\u00f3 un mensaje en su cuenta oficial de Facebook en el que desminti\u00f3 los rumores que apuntaban a que hab\u00eda rechazado la propuesta por razones econ\u00f3micas y record\u00f3 que no se conformaba con volver al <strong>Milan<\/strong> en calidad de simple &#8220;bandera&#8221; del club.<\/p>\n<p>&#8220;El Milan siempre ha sido algo ligado a mi coraz\u00f3n. Mi historia, la de mi padre y de mis hijos lo demuestran; y nadie podr\u00e1 borrar nuestra relaci\u00f3n. Es esta relaci\u00f3n que me impone estar atento y profesional antes de aceptar el cargo que me ha sido propuesto&#8221;, escribi\u00f3.<\/p>\n<p>&#8220;Ser\u00eda m\u00e1s f\u00e1cil seguir la emoci\u00f3n y decir que s\u00ed, sin pensar en las consecuencias. Pero no, no puedo, tengo que respetar los valores que me han acompa\u00f1ado a lo largo de toda mi vida&#8221;, agreg\u00f3.<\/p>\n<p>El exfutbolista destac\u00f3 que no fue un problema de peticiones econ\u00f3micas. &#8220;No tuve peticiones econ\u00f3micas, he dicho siempre que la definici\u00f3n del rol era clave para una posible colaboraci\u00f3n. \u00bfC\u00f3mo podr\u00eda cuantificar una propuesta sin saber cu\u00e1les son las responsabilidades?&#8221;, se lee en el mensaje.<\/p>\n<p><strong>Paolo Maldini<\/strong> est\u00e1 convencido de que para construir un equipo ganador es necesario contar con personas que tengan &#8220;roles definidos&#8221;.<\/p>\n<p>&#8220;No creo que hubiera las premisas para un equipo ganador. Yo form\u00e9 parte de equipos que marcaron la historia del f\u00fatbol y s\u00e9 que para conseguir grandes resultados hace falta la colaboraci\u00f3n de todos, inversiones importantes y roles definidos&#8221;, public\u00f3. Sin embargo, el exdefensa admiti\u00f3 que se trata de un &#8220;sue\u00f1o desvanecido&#8221;.<\/p>\n<p style=\"text-align: center;\"><span style=\"color: #3366ff;\"><a style=\"color: #3366ff;\" href=\"https:\/\/www.futboltotal.com.mx\/2016\/10\/televisa-comete-pifia-contra-luchador-aclara-error\/\" target=\"_blank\"><strong>LEER M\u00c1S: Televisa afecta imagen de luchador profesional&#8230;<\/strong><\/a><\/span><\/p>\n<p>&#8220;Espero que con estas l\u00edneas haya aclarado mi posici\u00f3n. Me queda la decepci\u00f3n por un sue\u00f1o desvanecido&#8221;, escribi\u00f3. La nueva propiedad china del <strong>Milan<\/strong> est\u00e1 llevando a cabo un proyecto para que las viejas glorias del equipo vuelvan a la sociedad para transmitir sus valores y <strong>Paolo Maldini<\/strong> fue uno de los elegidos para el citado cargo de director t\u00e9cnico.<\/p>\n<p>Sin embargo, las cr\u00edticas de Maldini se suman a las de varios futbolistas que marcaron la \u00e9poca ganadora del Milan en los a\u00f1os 90, como Alessandro Costacurta o el croata Zvonimir Boban, que recientemente han dicho que al <strong>Milan<\/strong> le faltan roles claros dentro de la sociedad<\/p>\n","protected":false},"excerpt":{"rendered":"<p>El ex futbolista no quiere volver como DT por convicciones personales<\/p>\n","protected":false},"author":144,"featured_media":434972,"comment_status":"closed","ping_status":"closed","sticky":false,"template":"","format":"standard","meta":[],"categories":[3839,3848,5951],"tags":[242,3895],"_links":{"self":[{"href":"http:\/\/desarrollo.grupomedios.com\/futbol\/wp-json\/wp\/v2\/posts\/434964"}],"collection":[{"href":"http:\/\/desarrollo.grupomedios.com\/futbol\/wp-json\/wp\/v2\/posts"}],"about":[{"href":"http:\/\/desarrollo.grupomedios.com\/futbol\/wp-json\/wp\/v2\/types\/post"}],"author":[{"embeddable":true,"href":"http:\/\/desarrollo.grupomedios.com\/futbol\/wp-json\/wp\/v2\/users\/144"}],"replies":[{"embeddable":true,"href":"http:\/\/desarrollo.grupomedios.com\/futbol\/wp-json\/wp\/v2\/comments?post=434964"}],"version-history":[{"count":0,"href":"http:\/\/desarrollo.grupomedios.com\/futbol\/wp-json\/wp\/v2\/posts\/434964\/revisions"}],"wp:featuredmedia":[{"embeddable":true,"href":"http:\/\/desarrollo.grupomedios.com\/futbol\/wp-json\/wp\/v2\/media\/434972"}],"wp:attachment":[{"href":"http:\/\/desarrollo.grupomedios.com\/futbol\/wp-json\/wp\/v2\/media?parent=434964"}],"wp:term":[{"taxonomy":"category","embeddable":true,"href":"http:\/\/desarrollo.grupomedios.com\/futbol\/wp-json\/wp\/v2\/categories?post=434964"},{"taxonomy":"post_tag","embeddable":true,"href":"http:\/\/desarrollo.grupomedios.com\/futbol\/wp-json\/wp\/v2\/tags?post=434964"}],"curies":[{"name":"wp","href":"https:\/\/api.w.org\/{rel}","templated":true}]}}