{"id":435045,"date":"2016-10-11T19:26:34","date_gmt":"2016-10-12T00:26:34","guid":{"rendered":"https:\/\/www.futboltotal.com.mx\/?p=435045"},"modified":"2016-10-12T11:06:01","modified_gmt":"2016-10-12T16:06:01","slug":"aguero-cuenta-a-cual-dt-le-gustaria-dirigir-a-argentina","status":"publish","type":"post","link":"http:\/\/desarrollo.grupomedios.com\/futbol\/futbol-internacional\/aguero-cuenta-a-cual-dt-le-gustaria-dirigir-a-argentina\/2016\/10","title":{"rendered":"Ag\u00fcero revela que DT quiere dirigir a Argentina"},"content":{"rendered":"<p>El delantero argentino, <strong>Sergio Ag\u00fcero<\/strong>, revel\u00f3 este martes que el entrenador espa\u00f1ol <em>Pep<\/em> Guardiola le dijo que le &#8220;encantar\u00eda dirigir a la selecci\u00f3n argentina&#8221; y que no lo hizo porque no le ofrecieron el cargo.<\/p>\n<blockquote><p>&#8220;\u00bfTe acord\u00e1s que hace un tiempo se hablaba de \u00e9l (Guardiola) como t\u00e9cnico de Argentina? \u00c9l me dice: &#8216;ustedes no me llamaron, porque a m\u00ed encantar\u00eda dirigir a la selecci\u00f3n argentina, pero no me llamaron'&#8221;, dijo hoy Ag\u00fcero a un periodista del canal <em>TyC Sports.<\/em><\/p><\/blockquote>\n<p style=\"text-align: center;\"><a href=\"https:\/\/www.futboltotal.com.mx\/futbol-internacional\/\"><span style=\"color: #3366ff;\"><strong>LEER M\u00c1S: Todas las noticias de futbol internacional<\/strong><\/span><\/a><\/p>\n<p>Guardiola, que dirige a Ag\u00fcero en el Manchester City, hab\u00eda sido considerado como posible seleccionador de la Argentina tras el subcampeonato en el Mundial de Brasil 2014 y la renuncia del entonces entrenador Alejandro Sabella.<\/p>\n<blockquote><p>&#8220;<strong>Guardiola<\/strong> es un &#8216;crack&#8217;. Por algo le fue como le fue en el Barcelona y en el Bayern. No gan\u00f3 la Champions con el Bayern pero lleg\u00f3 a semifinales y gan\u00f3 la Liga, la Copa, gan\u00f3 todo. Es un tipo ganador&#8221;, sostuvo Ag\u00fcero.<\/p>\n<p>&#8220;Tambi\u00e9n intent\u00f3 convencerme de que no renunciara a la selecci\u00f3n despu\u00e9s de la final perdida con Chile. Igual yo no pensaba hacerlo, le expliqu\u00e9 que mientras me convoquen yo iba a seguir jugando&#8221;, agreg\u00f3 Ag\u00fcero, que hoy ser\u00e1 titular ante Paraguay en la d\u00e9cima jornada de las eliminatorias sudamericanas mundialistas.<\/p><\/blockquote>\n","protected":false},"excerpt":{"rendered":"<p>El Kun tambi\u00e9n confes\u00f3 qui\u00e9n lo convenci\u00f3 de no renunciar a la Albiceleste <\/p>\n","protected":false},"author":20,"featured_media":435048,"comment_status":"closed","ping_status":"closed","sticky":false,"template":"","format":"standard","meta":[],"categories":[3839,5951],"tags":[1742,2510],"_links":{"self":[{"href":"http:\/\/desarrollo.grupomedios.com\/futbol\/wp-json\/wp\/v2\/posts\/435045"}],"collection":[{"href":"http:\/\/desarrollo.grupomedios.com\/futbol\/wp-json\/wp\/v2\/posts"}],"about":[{"href":"http:\/\/desarrollo.grupomedios.com\/futbol\/wp-json\/wp\/v2\/types\/post"}],"author":[{"embeddable":true,"href":"http:\/\/desarrollo.grupomedios.com\/futbol\/wp-json\/wp\/v2\/users\/20"}],"replies":[{"embeddable":true,"href":"http:\/\/desarrollo.grupomedios.com\/futbol\/wp-json\/wp\/v2\/comments?post=435045"}],"version-history":[{"count":0,"href":"http:\/\/desarrollo.grupomedios.com\/futbol\/wp-json\/wp\/v2\/posts\/435045\/revisions"}],"wp:featuredmedia":[{"embeddable":true,"href":"http:\/\/desarrollo.grupomedios.com\/futbol\/wp-json\/wp\/v2\/media\/435048"}],"wp:attachment":[{"href":"http:\/\/desarrollo.grupomedios.com\/futbol\/wp-json\/wp\/v2\/media?parent=435045"}],"wp:term":[{"taxonomy":"category","embeddable":true,"href":"http:\/\/desarrollo.grupomedios.com\/futbol\/wp-json\/wp\/v2\/categories?post=435045"},{"taxonomy":"post_tag","embeddable":true,"href":"http:\/\/desarrollo.grupomedios.com\/futbol\/wp-json\/wp\/v2\/tags?post=435045"}],"curies":[{"name":"wp","href":"https:\/\/api.w.org\/{rel}","templated":true}]}}