{"id":435053,"date":"2016-10-11T20:03:32","date_gmt":"2016-10-12T01:03:32","guid":{"rendered":"https:\/\/www.futboltotal.com.mx\/?p=435053"},"modified":"2016-10-11T20:03:32","modified_gmt":"2016-10-12T01:03:32","slug":"amenazas-a-james-rodriguez-provienen-mexico","status":"publish","type":"post","link":"http:\/\/desarrollo.grupomedios.com\/futbol\/futbol-internacional\/amenazas-a-james-rodriguez-provienen-mexico\/2016\/10","title":{"rendered":"Amenazas a James Rodr\u00edguez provienen de M\u00e9xico"},"content":{"rendered":"<p>Este martes se inform\u00f3 que la Fiscal\u00eda de Colombia comenz\u00f3 la investigaci\u00f3n por las amenazas de muerte que recibi\u00f3 a trav\u00e9s de las redes sociales el futbolista del Real Madrid, <strong>James Rodr\u00edguez<\/strong>.<\/p>\n<p>El director del Cuerpo T\u00e9cnico de Investigaci\u00f3n (CTI) de la Fiscal\u00eda, Luis Alberto P\u00e9rez Alvar\u00e1n, afirm\u00f3 que las amenazas llegaron a trav\u00e9s de un tel\u00e9fono celular a uno de sus familiares.<\/p>\n<blockquote class=\"twitter-tweet\" data-lang=\"es\">\n<p dir=\"ltr\" lang=\"es\">Hoy me toca ver el partido desde casa pero con mucha energ\u00eda positiva para mis compa\u00f1eros. Vamos Colombia. <a href=\"https:\/\/t.co\/ihEVsYIjjg\">pic.twitter.com\/ihEVsYIjjg<\/a><\/p>\n<p>\u2014 James Rodr\u00edguez (@jamesdrodriguez) <a href=\"https:\/\/twitter.com\/jamesdrodriguez\/status\/785936534600056832\">11 de octubre de 2016<\/a><\/p><\/blockquote>\n<p><script async src=\"\/\/platform.twitter.com\/widgets.js\" charset=\"utf-8\"><\/script><\/p>\n<p>&#8220;Concretamente le est\u00e1n diciendo que se vaya despidiendo de todos los seres que ama y que van a llegar hasta su casa y que est\u00e1n armados&#8221;, manifest\u00f3 P\u00e9rez.<\/p>\n<p>Agreg\u00f3 que lo que van a establecer las autoridades es: &#8220;El origen puntual de esta comunicaci\u00f3n en contra del jugador colombiano para verificar si tuvo su origen en el exterior, o si fue en Colombia&#8221;.<\/p>\n<p>El funcionario a\u00f1adi\u00f3 que las amenazas provienen de un grupo, al parecer mexicano, denominado &#8220;Legi\u00f3n Holk&#8221;.<\/p>\n<p style=\"text-align: center;\"><span style=\"color: #3366ff;\"><a style=\"color: #3366ff;\" href=\"https:\/\/www.futboltotal.com.mx\/2016\/10\/james-rodriguez-recibe-amenazas-muerte\/\" target=\"_blank\"><strong>LEER M\u00c1S: Amenazan a James Rodr\u00edguez<\/strong><\/a><\/span><\/p>\n<p>&#8220;Como es de p\u00fablico conocimiento, es un grupo que posiblemente tiene su origen en <strong>M\u00e9xico<\/strong> y que se dedica a intimidar personas a trav\u00e9s de <em>Twitter<\/em> y de otros medios inform\u00e1ticos&#8221;.<\/p>\n<p>P\u00e9rez indic\u00f3 que este grupo tiene simpatizantes en toda Am\u00e9rica Latina y que ha amenazado no solo al futbolista sino tambi\u00e9n al ciclista Nairo Quintana y a otros personajes de la far\u00e1ndula en Colombia.<\/p>\n<p>&#8220;Aqu\u00ed nos encontramos frente a un delito que se denomina amenazas y que tiene una pena de prisi\u00f3n que inicia en cuatros a\u00f1os y va hasta los ocho&#8221;, afirm\u00f3 P\u00e9rez.<\/p>\n<p>La madre del jugador, Pilar Rubio, fue la que hizo la denuncia de las amenazas en contra de su hijo el pasado domingo.<\/p>\n<p>Seg\u00fan Rubio, los mensajes provienen de la cuenta de Twitter @Frekeman, que ya est\u00e1 suspendida, en la que se puede leer: &#8220;Quieres ver c\u00f3mo hago que aparezca muerto James?&#8221; y &#8220;Estoy viajando hacia su casa armado, Legi\u00f3n Holk te vigila&#8221;.<\/p>\n<div class=\"sources\"><\/div>\n","protected":false},"excerpt":{"rendered":"<p>Este martes se inform\u00f3 que la Fiscal\u00eda de Colombia comenz\u00f3 la investigaci\u00f3n por las amenazas de muerte que recibi\u00f3 a trav\u00e9s de las redes sociales el futbolista del Real Madrid, James Rodr\u00edguez. El director del Cuerpo T\u00e9cnico de Investigaci\u00f3n (CTI) de la Fiscal\u00eda, Luis Alberto P\u00e9rez Alvar\u00e1n, afirm\u00f3 que las amenazas llegaron a trav\u00e9s de [&hellip;]<\/p>\n","protected":false},"author":144,"featured_media":435056,"comment_status":"closed","ping_status":"closed","sticky":false,"template":"","format":"standard","meta":[],"categories":[3839],"tags":[6082],"_links":{"self":[{"href":"http:\/\/desarrollo.grupomedios.com\/futbol\/wp-json\/wp\/v2\/posts\/435053"}],"collection":[{"href":"http:\/\/desarrollo.grupomedios.com\/futbol\/wp-json\/wp\/v2\/posts"}],"about":[{"href":"http:\/\/desarrollo.grupomedios.com\/futbol\/wp-json\/wp\/v2\/types\/post"}],"author":[{"embeddable":true,"href":"http:\/\/desarrollo.grupomedios.com\/futbol\/wp-json\/wp\/v2\/users\/144"}],"replies":[{"embeddable":true,"href":"http:\/\/desarrollo.grupomedios.com\/futbol\/wp-json\/wp\/v2\/comments?post=435053"}],"version-history":[{"count":0,"href":"http:\/\/desarrollo.grupomedios.com\/futbol\/wp-json\/wp\/v2\/posts\/435053\/revisions"}],"wp:featuredmedia":[{"embeddable":true,"href":"http:\/\/desarrollo.grupomedios.com\/futbol\/wp-json\/wp\/v2\/media\/435056"}],"wp:attachment":[{"href":"http:\/\/desarrollo.grupomedios.com\/futbol\/wp-json\/wp\/v2\/media?parent=435053"}],"wp:term":[{"taxonomy":"category","embeddable":true,"href":"http:\/\/desarrollo.grupomedios.com\/futbol\/wp-json\/wp\/v2\/categories?post=435053"},{"taxonomy":"post_tag","embeddable":true,"href":"http:\/\/desarrollo.grupomedios.com\/futbol\/wp-json\/wp\/v2\/tags?post=435053"}],"curies":[{"name":"wp","href":"https:\/\/api.w.org\/{rel}","templated":true}]}}