{"id":435172,"date":"2016-10-12T10:05:20","date_gmt":"2016-10-12T15:05:20","guid":{"rendered":"https:\/\/www.futboltotal.com.mx\/?p=435172"},"modified":"2016-10-12T10:05:48","modified_gmt":"2016-10-12T15:05:48","slug":"kroos-rato-en-real-madrid","status":"publish","type":"post","link":"http:\/\/desarrollo.grupomedios.com\/futbol\/futbol-internacional\/kroos-rato-en-real-madrid\/2016\/10","title":{"rendered":"Kroos para rato en el Real Madrid"},"content":{"rendered":"<p>El Real Madrid y el alem\u00e1n <strong>Toni Kroos<\/strong> han llegado a un acuerdo para la ampliaci\u00f3n del contrato del centrocampista germano hasta el 30 de junio de 2022.<\/p>\n<p><strong>Kroos<\/strong> seguir\u00e1 vinculado al club hasta el 30 de junio de 2022 y el jueves comparecer\u00e1 ante los medios en la sala de prensa del estadio Santiago Bernab\u00e9u a las 13.30, seg\u00fan inform\u00f3 el Real Madrid en un escueto comunicado.<\/p>\n<p style=\"text-align: center;\"><span style=\"color: #3366ff;\"><strong>LEER M\u00c1S: Todas las noticias de futbol internacional<\/strong><\/span><\/p>\n<blockquote class=\"twitter-tweet\" data-lang=\"es\">\n<p dir=\"ltr\" lang=\"es\">Comunicado oficial: Kroos<a href=\"https:\/\/t.co\/Rpnrfjc8gC\">https:\/\/t.co\/Rpnrfjc8gC<\/a><a href=\"https:\/\/twitter.com\/hashtag\/RealMadrid?src=hash\">#RealMadrid<\/a> <a href=\"https:\/\/t.co\/j4n2bYFoNU\">pic.twitter.com\/j4n2bYFoNU<\/a><\/p>\n<p>\u2014 Real Madrid C. F. (@realmadrid) <a href=\"https:\/\/twitter.com\/realmadrid\/status\/786169572164562944\">12 de octubre de 2016<\/a><\/p><\/blockquote>\n<p><script async src=\"\/\/platform.twitter.com\/widgets.js\" charset=\"utf-8\"><\/script><br \/>\nEl internacional germano, que fue presentado el 17 de julio de 2014, firm\u00f3 por seis temporadas con el conjunto madrile\u00f1o y ahora ampl\u00eda su vinculaci\u00f3n dos campa\u00f1as m\u00e1s tras su buen rendimiento en las dos primeras y en la actual.<\/p>\n<p><strong>Kroos<\/strong>, actual campe\u00f3n mundial con Alemania nacido en Greifswald el 4 de enero de 1990, lleg\u00f3 al Real Madrid procedente del Bayern M\u00fanich y desde entonces ha sido indiscutible en la medular.<\/p>\n<p>Ha ganado con el cuadro madridista una Liga de Campeones (2016), un Mundial de Clubes (2014) y dos Supercopas de Europa (2014 y 2016), t\u00edtulos que a\u00f1ade a los conseguidos con el Bayern en 2013, una Liga de Campeones, una Supercopa continental y un Mundial de Clubes.<\/p>\n<p>Kroos ha superado el centenar de partidos con la camiseta blanca, en los que ha anotado ocho dianas. Su aportaci\u00f3n, ya sea como mediocentro o algo m\u00e1s adelantado y con m\u00e1s libertad, ha sido determinante para su equipo.<\/p>\n","protected":false},"excerpt":{"rendered":"<p>La directiva de los Merengues renueva al centrocampista alem\u00e1n<\/p>\n","protected":false},"author":20,"featured_media":435177,"comment_status":"closed","ping_status":"closed","sticky":false,"template":"","format":"standard","meta":[],"categories":[3839,3844,5951],"tags":[5988,6910],"_links":{"self":[{"href":"http:\/\/desarrollo.grupomedios.com\/futbol\/wp-json\/wp\/v2\/posts\/435172"}],"collection":[{"href":"http:\/\/desarrollo.grupomedios.com\/futbol\/wp-json\/wp\/v2\/posts"}],"about":[{"href":"http:\/\/desarrollo.grupomedios.com\/futbol\/wp-json\/wp\/v2\/types\/post"}],"author":[{"embeddable":true,"href":"http:\/\/desarrollo.grupomedios.com\/futbol\/wp-json\/wp\/v2\/users\/20"}],"replies":[{"embeddable":true,"href":"http:\/\/desarrollo.grupomedios.com\/futbol\/wp-json\/wp\/v2\/comments?post=435172"}],"version-history":[{"count":0,"href":"http:\/\/desarrollo.grupomedios.com\/futbol\/wp-json\/wp\/v2\/posts\/435172\/revisions"}],"wp:featuredmedia":[{"embeddable":true,"href":"http:\/\/desarrollo.grupomedios.com\/futbol\/wp-json\/wp\/v2\/media\/435177"}],"wp:attachment":[{"href":"http:\/\/desarrollo.grupomedios.com\/futbol\/wp-json\/wp\/v2\/media?parent=435172"}],"wp:term":[{"taxonomy":"category","embeddable":true,"href":"http:\/\/desarrollo.grupomedios.com\/futbol\/wp-json\/wp\/v2\/categories?post=435172"},{"taxonomy":"post_tag","embeddable":true,"href":"http:\/\/desarrollo.grupomedios.com\/futbol\/wp-json\/wp\/v2\/tags?post=435172"}],"curies":[{"name":"wp","href":"https:\/\/api.w.org\/{rel}","templated":true}]}}