{"id":435180,"date":"2016-10-12T12:24:19","date_gmt":"2016-10-12T17:24:19","guid":{"rendered":"https:\/\/www.futboltotal.com.mx\/?p=435180"},"modified":"2016-10-12T12:25:04","modified_gmt":"2016-10-12T17:25:04","slug":"nike-fabrica-jerseys-conmemorativos-del-america","status":"publish","type":"post","link":"http:\/\/desarrollo.grupomedios.com\/futbol\/destacado-home\/nike-fabrica-jerseys-conmemorativos-del-america\/2016\/10","title":{"rendered":"Nike fabrica jerseys conmemorativos del Am\u00e9rica"},"content":{"rendered":"<p>Justo el d\u00eda en que el <strong>CF Am\u00e9rica<\/strong> celebra su primer centenario, la firma deportiva <em>Nike<\/em> ha sacado del horno una colecci\u00f3n de jerseys que fabric\u00f3 para homenajear a cuatro emblem\u00e1ticos jugadores de las <em>\u00c1guilas<\/em>: Arlindo, Cristobal Ortega, Carlos Reinoso y Alfredo Tena.<\/p>\n<p><strong><span style=\"color: #800000;\">\u00bfCuando puedes adquirirlas?<\/span><\/strong><\/p>\n<p>A partir del pr\u00f3ximo 12 y 13 de octubre podr\u00e1s adquirir las ediciones 1976 (Ortega) y 1978 (Reinoso) podr\u00e1s adquirirlas en preventa a trav\u00e9s de la Nike Futbol App, as\u00ed como en la Tienda oficial del club en el Estadio Azteca. En tanto el otro par de camisetas estar\u00e1n disponibles pr\u00f3ximamente.<\/p>\n<p>\u00bfLes gusta el dise\u00f1o de las camisetas conmemorativas del<strong> Am\u00e9rica<\/strong>?<\/p>\n<p style=\"text-align: center;\"><a href=\"https:\/\/www.futboltotal.com.mx\/centenario-club-america\/\"><span style=\"color: #3366ff;\"><strong>LEER M\u00c1S: Visita el micro<\/strong><strong>sitio del Centenario del Am\u00e9rica<\/strong><\/span><\/a><\/p>\n<p>&nbsp;<\/p>\n<div id=\"galleryxfQ\" style=\"display:none;\"><img alt=\"La primer playera cuenta con un cuello redondo en color amarillo canario y el escudo en el lado izquierdo del pecho, as\u00ed como el hist\u00f3rico n\u00famero nueve del brasile\u00f1o Arlindo, quien anot\u00f3 el primer gol en la historia del llamado \u201cColoso de Santa \u00darsula\u201d. \" src=\"http:\/\/desarrollo.grupomedios.com\/futbol\/wp-content\/uploads\/2016\/10\/Camisetas-america-nike.jpg\" data-image=\"http:\/\/desarrollo.grupomedios.com\/futbol\/wp-content\/uploads\/2016\/10\/Camisetas-america-nike.jpg\" data-description=\"camisetas-america-nike\"><img alt=\"Con un cuello redondo en color azul y el eterno 11 en la espalda, la segunda camiseta se inspira en el jersey de 1976, honrando el a\u00f1o en el que el mediocampista Cristobal Ortega, el jugador con m\u00e1s partidos en la historia del club, levant\u00f3 su primer campeonato.  \" src=\"http:\/\/desarrollo.grupomedios.com\/futbol\/wp-content\/uploads\/2016\/10\/Palyeas-conmemorativas-america-3.jpg\" data-image=\"http:\/\/desarrollo.grupomedios.com\/futbol\/wp-content\/uploads\/2016\/10\/Palyeas-conmemorativas-america-3.jpg\" data-description=\"palyeas-conmemorativas-america-3\"><img alt=\"El tercer jersey cuenta con un cuello redondo en color azul y el escudo en el pecho, as\u00ed como el inconfundible n\u00famero ocho de Reinoso, quien se inmortaliz\u00f3 en la historia del club tras aquel excelso tiro libre en la final internacional de 1978.\" src=\"http:\/\/desarrollo.grupomedios.com\/futbol\/wp-content\/uploads\/2016\/10\/Palyeras-conmemorativas-america-4.jpg\" data-image=\"http:\/\/desarrollo.grupomedios.com\/futbol\/wp-content\/uploads\/2016\/10\/Palyeras-conmemorativas-america-4.jpg\" data-description=\"palyeras-conmemorativas-america-4\"><img alt=\"La cuarta el\u00e1stica recuerda la \u00e9poca dorada de las \u00c1guilas en la cual alzaron cinco campeonatos de Liga. Apodada como \u201cpicuda\u201d est\u00e1 acompa\u00f1ada del inmortal n\u00famero 4 de \u201cEl Capit\u00e1n Furia\u201d, el mejor defensa en la historia del club y autor de aquel remate de cabeza que llev\u00f3 al Am\u00e9rica a conquistar el Campeonato durante la recordada final del siglo ante el rival m\u00e1s odiado. \" src=\"http:\/\/desarrollo.grupomedios.com\/futbol\/wp-content\/uploads\/2016\/10\/camisetas-conmemorativas-america-nike1.jpg\" data-image=\"http:\/\/desarrollo.grupomedios.com\/futbol\/wp-content\/uploads\/2016\/10\/camisetas-conmemorativas-america-nike1.jpg\" data-description=\"camisetas-conmemorativas-america-nike1\"><\/div>\n        <script>\n        \/\/galeria 1\n        jQuery(document).ready(function(){ \n            var api;\n            api = jQuery(\"#galleryxfQ\").unitegallery({\n                carousel_autoplay: false\n            }); \n        });\n        <\/script>\n        \n<p style=\"text-align: center;\">\n","protected":false},"excerpt":{"rendered":"<p>Las camisetas est\u00e1n inspiradas en cuatro legendarios jugador del club<\/p>\n","protected":false},"author":20,"featured_media":435181,"comment_status":"closed","ping_status":"closed","sticky":false,"template":"","format":"standard","meta":[],"categories":[5,2198,3845],"tags":[],"_links":{"self":[{"href":"http:\/\/desarrollo.grupomedios.com\/futbol\/wp-json\/wp\/v2\/posts\/435180"}],"collection":[{"href":"http:\/\/desarrollo.grupomedios.com\/futbol\/wp-json\/wp\/v2\/posts"}],"about":[{"href":"http:\/\/desarrollo.grupomedios.com\/futbol\/wp-json\/wp\/v2\/types\/post"}],"author":[{"embeddable":true,"href":"http:\/\/desarrollo.grupomedios.com\/futbol\/wp-json\/wp\/v2\/users\/20"}],"replies":[{"embeddable":true,"href":"http:\/\/desarrollo.grupomedios.com\/futbol\/wp-json\/wp\/v2\/comments?post=435180"}],"version-history":[{"count":0,"href":"http:\/\/desarrollo.grupomedios.com\/futbol\/wp-json\/wp\/v2\/posts\/435180\/revisions"}],"wp:featuredmedia":[{"embeddable":true,"href":"http:\/\/desarrollo.grupomedios.com\/futbol\/wp-json\/wp\/v2\/media\/435181"}],"wp:attachment":[{"href":"http:\/\/desarrollo.grupomedios.com\/futbol\/wp-json\/wp\/v2\/media?parent=435180"}],"wp:term":[{"taxonomy":"category","embeddable":true,"href":"http:\/\/desarrollo.grupomedios.com\/futbol\/wp-json\/wp\/v2\/categories?post=435180"},{"taxonomy":"post_tag","embeddable":true,"href":"http:\/\/desarrollo.grupomedios.com\/futbol\/wp-json\/wp\/v2\/tags?post=435180"}],"curies":[{"name":"wp","href":"https:\/\/api.w.org\/{rel}","templated":true}]}}