{"id":435198,"date":"2016-10-12T09:00:11","date_gmt":"2016-10-12T14:00:11","guid":{"rendered":"https:\/\/www.futboltotal.com.mx\/?p=435198"},"modified":"2016-10-12T11:16:02","modified_gmt":"2016-10-12T16:16:02","slug":"20-anos-del-increible-gol-del-ronaldo-fenomeno","status":"publish","type":"post","link":"http:\/\/desarrollo.grupomedios.com\/futbol\/destacado-home\/20-anos-del-increible-gol-del-ronaldo-fenomeno\/2016\/10","title":{"rendered":"20 a\u00f1os del incre\u00edble gol de Ronaldo, el Fen\u00f3meno"},"content":{"rendered":"<p>Hace 20 a\u00f1os, <strong>Ronaldo<\/strong> deslumbr\u00f3 al mundo con una de las jugadas m\u00e1s impresionantes que se hubieran visto hasta entonces y que con el tiempo se convertir\u00eda en legendaria.<\/p>\n<p>Corr\u00eda la campa\u00f1a 1996-97, en la que el brasile\u00f1o lleg\u00f3 al Barcelona procedente del PSV, donde ya hab\u00eda comenzado a labrarse una reputaci\u00f3n como goleador temible. Sin embargo, su graduaci\u00f3n hacia la \u00e9lite mundial fueron las actuaciones que realiz\u00f3 enfundado en la camiseta Cul\u00e9.<\/p>\n<p style=\"text-align: center;\"><a href=\"https:\/\/www.futboltotal.com.mx\/2016\/09\/ronaldo-poderoso-veloz-mortifero-increible\/\" target=\"_blank\"><span style=\"color: #3366ff;\">LEER M\u00c1S: Ronaldo: poderoso, veloz, mort\u00edfero&#8230; \u00a1incre\u00edble!<\/span><\/a><\/p>\n<p>El <em>Fen\u00f3meno<\/em> era un Ferrari <em>Blaugrana<\/em>, que pasaba de 0 a 100 kil\u00f3metros por hora en un segundo, capaz de recortes y bicicletas centelleantes, y poseedor de una definici\u00f3n que era al mismo tiempo precisa como la mano de un neurocirujano e imparable como una bola demoledora. \u201c<strong>Ronaldo<\/strong> era un rinoceronte con habilidad\u201d lleg\u00f3 a decir alguna vez \u00c1ngel Cappa.<\/p>\n<p>La jugada que define a la perfecci\u00f3n la clase de delantero que era <em>R9<\/em> ocurri\u00f3 el 12 de octubre de 1996, en el campo del Compostela, el estadio Multiusos de San L\u00e1zaro. Al minuto 37 del duelo entre los locales y el <em>Bar\u00e7a<\/em>, <strong>Ronaldo<\/strong> ejecut\u00f3 una de las jugadas m\u00e1s asombrosas en la historia del futbol. El delantero recuper\u00f3 el bal\u00f3n detr\u00e1s del mediocampo e inici\u00f3 una carrera hacia el arco rival y la inmortalidad: en su recorrido fue dejando rivales atr\u00e1s a base de t\u00e9cnica, rapidez e intuici\u00f3n, hasta batir al meta con un derechazo raso.<\/p>\n<p style=\"text-align: center;\"><span style=\"color: #3366ff;\"><a style=\"color: #3366ff;\" href=\"https:\/\/www.futboltotal.com.mx\/2016\/10\/ronaldo-asistira-a-la-ceremonia-del-salon-la-fama\/\" target=\"_blank\">LEER M\u00c1S: \u00a0Ronaldo confirma que vendr\u00e1 a M\u00e9xico.<\/a><\/span><\/p>\n<p>La reacci\u00f3n del t\u00e9cnico del Barcelona, <em>Bobby<\/em> Robson (qepd), fue elocuente: se levant\u00f3 de su asiento y se llev\u00f3 las manos a la cabeza, incr\u00e9dulo de lo que acababa de ver. \u201c<strong>Ronaldo<\/strong> es como <em>Pel\u00e9<\/em> de joven\u201d, dijo el ingl\u00e9s tras el juego.<\/p>\n<blockquote class=\"twitter-tweet\" data-lang=\"es\">\n<p dir=\"ltr\" lang=\"es\">Hoy hace 20 a\u00f1os de este gol de <a href=\"https:\/\/twitter.com\/Ronaldo\">@Ronaldo<\/a> \u00bfTe acuerdas? \u00a1Def\u00ednelo con un hashtag y comparte el v\u00eddeo! <a href=\"https:\/\/t.co\/hSgWS5Mqfd\">pic.twitter.com\/hSgWS5Mqfd<\/a><\/p>\n<p>\u2014 FC Barcelona (@FCBarcelona_es) <a href=\"https:\/\/twitter.com\/FCBarcelona_es\/status\/786195166340186112\">12 de octubre de 2016<\/a><\/p><\/blockquote>\n<p><script async src=\"\/\/platform.twitter.com\/widgets.js\" charset=\"utf-8\"><\/script><\/p>\n<p>Lo que el <em>Fen\u00f3meno<\/em> hizo aquella noche se movi\u00f3 entre lo art\u00edstico y lo asombroso, era como apreciar la belleza en la devastaci\u00f3n de una fuerza natural terrible. Tan sorprendente fue que Nike convirti\u00f3 la jugada en un comercial en el que se insinuaba que <strong>Ronaldo<\/strong> hab\u00eda pedido a los dioses del futbol que lo convirtieran en el mejor jugador del mundo. Y considerando lo vertiginoso que el ascenso del carioca hab\u00eda sido, podr\u00eda pensarse que era cierto.<\/p>\n<p>Aquel gol es la quintaesencia de lo que era el brasile\u00f1o, un tipo sobre el que Jorge Valdano dijo alguna vez: \u201cCuando <strong>Ronaldo<\/strong> te ataca, es como si te atacara una manada de b\u00fafalos\u201d.<\/p>\n<p><iframe loading=\"lazy\" src=\"https:\/\/www.youtube.com\/embed\/VOSLYMkXjHs?feature=oembed\" frameborder=\"0\" allowfullscreen><\/iframe><\/p>\n","protected":false},"excerpt":{"rendered":"<p>Este 12 de octubre se cumplen dos d\u00e9cadas de uno de los goles m\u00e1s incre\u00edbles que R10 marc\u00f3 con el Bar\u00e7a<\/p>\n","protected":false},"author":20,"featured_media":435203,"comment_status":"closed","ping_status":"closed","sticky":false,"template":"","format":"standard","meta":[],"categories":[5,3839,3844],"tags":[5984,377,1504,7438],"_links":{"self":[{"href":"http:\/\/desarrollo.grupomedios.com\/futbol\/wp-json\/wp\/v2\/posts\/435198"}],"collection":[{"href":"http:\/\/desarrollo.grupomedios.com\/futbol\/wp-json\/wp\/v2\/posts"}],"about":[{"href":"http:\/\/desarrollo.grupomedios.com\/futbol\/wp-json\/wp\/v2\/types\/post"}],"author":[{"embeddable":true,"href":"http:\/\/desarrollo.grupomedios.com\/futbol\/wp-json\/wp\/v2\/users\/20"}],"replies":[{"embeddable":true,"href":"http:\/\/desarrollo.grupomedios.com\/futbol\/wp-json\/wp\/v2\/comments?post=435198"}],"version-history":[{"count":0,"href":"http:\/\/desarrollo.grupomedios.com\/futbol\/wp-json\/wp\/v2\/posts\/435198\/revisions"}],"wp:featuredmedia":[{"embeddable":true,"href":"http:\/\/desarrollo.grupomedios.com\/futbol\/wp-json\/wp\/v2\/media\/435203"}],"wp:attachment":[{"href":"http:\/\/desarrollo.grupomedios.com\/futbol\/wp-json\/wp\/v2\/media?parent=435198"}],"wp:term":[{"taxonomy":"category","embeddable":true,"href":"http:\/\/desarrollo.grupomedios.com\/futbol\/wp-json\/wp\/v2\/categories?post=435198"},{"taxonomy":"post_tag","embeddable":true,"href":"http:\/\/desarrollo.grupomedios.com\/futbol\/wp-json\/wp\/v2\/tags?post=435198"}],"curies":[{"name":"wp","href":"https:\/\/api.w.org\/{rel}","templated":true}]}}