{"id":435220,"date":"2016-10-12T13:02:27","date_gmt":"2016-10-12T18:02:27","guid":{"rendered":"https:\/\/www.futboltotal.com.mx\/?p=435220"},"modified":"2016-10-13T17:05:22","modified_gmt":"2016-10-13T22:05:22","slug":"griezmann-aun-no-es-clase-mundial","status":"publish","type":"post","link":"http:\/\/desarrollo.grupomedios.com\/futbol\/futbol-internacional\/griezmann-aun-no-es-clase-mundial\/2016\/10","title":{"rendered":"Griezmann, lejos de entrar a la \u00e9lite europea"},"content":{"rendered":"<p>De muy poco o casi nada sirve haber ganado una Supercopa de Espa\u00f1a en 2014, adem\u00e1s, tener progresiones mete\u00f3ricas tras haber dejado la Real Sociedad para ir al Atl\u00e9tico de Madrid y, actualmente, ser considerado uno de los l\u00edderes de la Selecci\u00f3n de Francia. Ninguna raz\u00f3n de estas es v\u00e1lida para decir que <strong>Antoine Griezmann<\/strong> es un jugador de clase mundial.<\/p>\n<p>Al menos as\u00ed es para el mediocampista franc\u00e9s del Bayern M\u00fanich, Franck Ribery, quien este d\u00eda afirm\u00f3 que para considerar a su connacional <strong>Griezmann<\/strong> como un peso pesado del futbol europeo, habr\u00e1 que esperar varios a\u00f1os m\u00e1s y comprobar si este puede mantener su nivel a tope.<\/p>\n<p style=\"text-align: center;\"><a href=\"https:\/\/www.futboltotal.com.mx\/futbol-internacional\/\"><span style=\"color: #3366ff;\"><strong>LEER M\u00c1S: Todas las noticias de futbol internacional<\/strong><\/span><\/a><\/p>\n<blockquote>\n<p style=\"text-align: left;\">&#8220;Puede sonar extra\u00f1o, pero yo todav\u00eda no considero a Antoine como un jugador de clase mundial, \u00bfpor qu\u00e9? Creo que no ha mantenido su rendimiento a lo largo de muchos a\u00f1os. Su crecimiento es exponencial, pero aun le falta un largo camino&#8221;, dijo Ribery a <em>Sport Bild.\u00a0<\/em><\/p>\n<p>&#8220;Hasta que se mantenga durante\u00a010, 12 \u00f3 15 a\u00f1os le felicitar\u00e9&#8221;, agreg\u00f3\u00a0<em>Ribery<\/em>, quien consider\u00f3 que Griezmann, heredero del dorsal siete que antes luc\u00eda con <em>Les Bleus<\/em>, necesita recorrer un largo camino y mucho m\u00e1s que haber brillado como goleador en su primera Eurocopa para entrar a la \u00e9lite balomp\u00e9dica: &#8220;En los \u00faltimos 10 a\u00f1os, he logrado mantenerme entre los mejores, aunque las lesiones siempre a veces complican el camino&#8221;.<\/p><\/blockquote>\n","protected":false},"excerpt":{"rendered":"<p>Ribery revel\u00f3 que necesita Griezmann para ser un jugador de clase mundial<\/p>\n","protected":false},"author":20,"featured_media":435223,"comment_status":"closed","ping_status":"closed","sticky":false,"template":"","format":"standard","meta":[],"categories":[3839,5951],"tags":[5191,413,367],"_links":{"self":[{"href":"http:\/\/desarrollo.grupomedios.com\/futbol\/wp-json\/wp\/v2\/posts\/435220"}],"collection":[{"href":"http:\/\/desarrollo.grupomedios.com\/futbol\/wp-json\/wp\/v2\/posts"}],"about":[{"href":"http:\/\/desarrollo.grupomedios.com\/futbol\/wp-json\/wp\/v2\/types\/post"}],"author":[{"embeddable":true,"href":"http:\/\/desarrollo.grupomedios.com\/futbol\/wp-json\/wp\/v2\/users\/20"}],"replies":[{"embeddable":true,"href":"http:\/\/desarrollo.grupomedios.com\/futbol\/wp-json\/wp\/v2\/comments?post=435220"}],"version-history":[{"count":0,"href":"http:\/\/desarrollo.grupomedios.com\/futbol\/wp-json\/wp\/v2\/posts\/435220\/revisions"}],"wp:featuredmedia":[{"embeddable":true,"href":"http:\/\/desarrollo.grupomedios.com\/futbol\/wp-json\/wp\/v2\/media\/435223"}],"wp:attachment":[{"href":"http:\/\/desarrollo.grupomedios.com\/futbol\/wp-json\/wp\/v2\/media?parent=435220"}],"wp:term":[{"taxonomy":"category","embeddable":true,"href":"http:\/\/desarrollo.grupomedios.com\/futbol\/wp-json\/wp\/v2\/categories?post=435220"},{"taxonomy":"post_tag","embeddable":true,"href":"http:\/\/desarrollo.grupomedios.com\/futbol\/wp-json\/wp\/v2\/tags?post=435220"}],"curies":[{"name":"wp","href":"https:\/\/api.w.org\/{rel}","templated":true}]}}