{"id":435331,"date":"2016-10-12T17:59:41","date_gmt":"2016-10-12T22:59:41","guid":{"rendered":"https:\/\/www.futboltotal.com.mx\/?p=435331"},"modified":"2016-10-12T18:08:35","modified_gmt":"2016-10-12T23:08:35","slug":"dan-pastelazo-a-jose-ramon-fernandez","status":"publish","type":"post","link":"http:\/\/desarrollo.grupomedios.com\/futbol\/cambio-de-juego\/dan-pastelazo-a-jose-ramon-fernandez\/2016\/10","title":{"rendered":"\u00a1Dan pastelazo a Jos\u00e9 Ram\u00f3n Fern\u00e1ndez!"},"content":{"rendered":"<p>El comentarista de <em>ESPN<\/em>, <strong>Jos\u00e9 Ram\u00f3n Fern\u00e1ndez<\/strong>, fue v\u00edctima de una broma de parte de su hijo, Juan Pablo, quien encarn\u00f3 a <em>El Cuau<\/em>, en el programa de los Capitanes; entonces, mientras el v\u00e1stago celebraba el centenario del Am\u00e9rica, el periodista deportivo decid\u00eda mantener su postura azulcrema, as\u00ed que la disputa termin\u00f3, con un pastelazo que se volvi\u00f3 viral.<\/p>\n<p style=\"text-align: center;\"><span style=\"color: #3366ff;\"><a style=\"color: #3366ff;\" href=\"https:\/\/www.futboltotal.com.mx\/2016\/10\/enemigos-naturales-del-america-mandan-sus-felicitaciones\/\" target=\"_blank\"><strong>LEER M\u00c1S: Joserra y antiamericanistas, mandan mensaje al Am\u00e9rica<\/strong><\/a><\/span><\/p>\n<p><script type=\"text\/javascript\" src=\"\/\/cdn.playbuzz.com\/widget\/feed.js\"><\/script><\/p>\n<div class=\"pb_feed\" data-embed-by=\"d43f3879-83ed-40bc-99d7-fde80605466f\" data-game=\"\/futboltotal\/lanzan-pastelazo-a-jos-ram-n-fern-ndez\" data-recommend=\"false\" data-game-info=\"false\" data-comments=\"false\"><\/div>\n<p>Fuente: Youtube |\u00a0Canal: Estadio Videos Plus<\/p>\n<blockquote class=\"twitter-tweet\" data-lang=\"es\">\n<p dir=\"ltr\" lang=\"es\">. <a href=\"https:\/\/twitter.com\/ClubAmerica\">@ClubAmerica<\/a> cumple  a\u00f1os y \u00a1le toc\u00f3 pastel a <a href=\"https:\/\/twitter.com\/joserra_espn\">@joserra_espn<\/a>!  <a href=\"https:\/\/t.co\/MARtVfoiIa\">pic.twitter.com\/MARtVfoiIa<\/a><\/p>\n<p>\u2014 LosCapitanes (@ESPNCapitanes) <a href=\"https:\/\/twitter.com\/ESPNCapitanes\/status\/786297192038490112\">12 de octubre de 2016<\/a><\/p><\/blockquote>\n<p><script async src=\"\/\/platform.twitter.com\/widgets.js\" charset=\"utf-8\"><\/script><\/p>\n","protected":false},"excerpt":{"rendered":"<p>El comentarista deportivo, fue v\u00edctima del &#8220;odiado rival&#8221;<\/p>\n","protected":false},"author":20,"featured_media":435332,"comment_status":"closed","ping_status":"closed","sticky":false,"template":"","format":"standard","meta":[],"categories":[5419],"tags":[5959,5460,5448,6974],"_links":{"self":[{"href":"http:\/\/desarrollo.grupomedios.com\/futbol\/wp-json\/wp\/v2\/posts\/435331"}],"collection":[{"href":"http:\/\/desarrollo.grupomedios.com\/futbol\/wp-json\/wp\/v2\/posts"}],"about":[{"href":"http:\/\/desarrollo.grupomedios.com\/futbol\/wp-json\/wp\/v2\/types\/post"}],"author":[{"embeddable":true,"href":"http:\/\/desarrollo.grupomedios.com\/futbol\/wp-json\/wp\/v2\/users\/20"}],"replies":[{"embeddable":true,"href":"http:\/\/desarrollo.grupomedios.com\/futbol\/wp-json\/wp\/v2\/comments?post=435331"}],"version-history":[{"count":0,"href":"http:\/\/desarrollo.grupomedios.com\/futbol\/wp-json\/wp\/v2\/posts\/435331\/revisions"}],"wp:featuredmedia":[{"embeddable":true,"href":"http:\/\/desarrollo.grupomedios.com\/futbol\/wp-json\/wp\/v2\/media\/435332"}],"wp:attachment":[{"href":"http:\/\/desarrollo.grupomedios.com\/futbol\/wp-json\/wp\/v2\/media?parent=435331"}],"wp:term":[{"taxonomy":"category","embeddable":true,"href":"http:\/\/desarrollo.grupomedios.com\/futbol\/wp-json\/wp\/v2\/categories?post=435331"},{"taxonomy":"post_tag","embeddable":true,"href":"http:\/\/desarrollo.grupomedios.com\/futbol\/wp-json\/wp\/v2\/tags?post=435331"}],"curies":[{"name":"wp","href":"https:\/\/api.w.org\/{rel}","templated":true}]}}